{"id":6025,"date":"2021-11-29T19:46:07","date_gmt":"2021-11-29T18:46:07","guid":{"rendered":"http:\/\/isphr.local\/?p=5813"},"modified":"2021-11-29T19:46:07","modified_gmt":"2021-11-29T18:46:07","slug":"u-cetvrtak-2-prosinca-2021-znanstveni-kolokvij-pola-stoljeca-od-hrvatskog-proljeca","status":"publish","type":"post","link":"https:\/\/www.hipzg.hr\/en\/u-cetvrtak-2-prosinca-2021-znanstveni-kolokvij-pola-stoljeca-od-hrvatskog-proljeca\/","title":{"rendered":"U \u010detvrtak, 2. prosinca 2021., Znanstveni kolokvij: \u201cPola stolje\u0107a od Hrvatskog prolje\u0107a\u201d"},"content":{"rendered":"<p><!--:hr--><strong>U \u010detvrtak, 2. prosinca 2021. u 10.30 sati u dvorani \u201cBla\u017eeni Alojzije kard. Stepinac\u201d<\/strong> odr\u017eat \u0107e se znanstveni kolokvij\u00a0<em>Pola stolje\u0107a od Hrvatskog prolje\u0107a<\/em>. Kolokvij u organizaciji Odjela za povijest Hrvatskog katoli\u010dkog sveu\u010dili\u0161ta i Hrvatskog instituta za povijest ima namjeru osvijetliti neke od kulturnih, vjerskih, politi\u010dkih i gospodarskih aspekata jedne od prijelomnih godina hrvatske povijesti, koja je obilje\u017eila drugu polovicu pro\u0161loga stolje\u0107a.<br \/>\nHrvatsko prolje\u0107e sna\u017eno je obilje\u017eilo suvremenu hrvatsku povijest. U svojoj je osnovi bilo protkano \u010ditavim spektrom politi\u010dkih programa, \u010desto puta me\u0111usobno razli\u010ditih, a katkad i me\u0111usobno suprotstavljenih. Usprkos tomu ono \u0161to je spajalo prolje\u0107are bila je \u017eelja za ja\u010danjem hrvatske pozicije u okviru jugoslavenske zajednice na svim podru\u010djima \u017eivota. Obilje\u017eeno dvama glavnim zahtjevima: demokratizacijom \u017eivota i sna\u017eenjem nacionalne komponente dr\u017eavnosti pedeset godina poslije Hrvatsko prolje\u0107e i dalje pru\u017ea \u010ditav niz istra\u017eiva\u010dkih izazova.<\/p>\n<p>Program mo\u017eete preuzeti na\u00a0<a href=\"https:\/\/www.unicath.hr\/hks2015\/wp-content\/uploads\/2021\/10\/Pola-stoljeca-od-Hrvatskog-proljeca-program.pdf\" target=\"_blank\" rel=\"noopener\">poveznici.<\/a><br \/>\nKolokvij mo\u017eete pratiti preko YouTube kanala Hrvatskog katoli\u010dkog sveu\u010dili\u0161ta.<\/p>\n<p>izvor: HKS<!--:--><\/p>\n","protected":false},"excerpt":{"rendered":"<p>U \u010detvrtak, 2. prosinca 2021. u 10.30 sati u dvorani \u201cBla\u017eeni Alojzije kard. Stepinac\u201d odr\u017eat \u0107e se znanstveni kolokvij\u00a0Pola stolje\u0107a od Hrvatskog prolje\u0107a. Kolokvij u organizaciji Odjela za povijest Hrvatskog katoli\u010dkog sveu\u010dili\u0161ta i Hrvatskog instituta za povijest ima namjeru osvijetliti neke od kulturnih, vjerskih, politi\u010dkih i gospodarskih aspekata jedne od prijelomnih godina hrvatske povijesti, koja [&hellip;]<\/p>\n","protected":false},"author":4,"featured_media":0,"comment_status":"closed","ping_status":"closed","sticky":false,"template":"","format":"standard","meta":{"iawp_total_views":0,"footnotes":""},"categories":[25],"tags":[],"class_list":["post-6025","post","type-post","status-publish","format-standard","hentry","category-najave-i-dogadanja"],"_links":{"self":[{"href":"https:\/\/www.hipzg.hr\/en\/wp-json\/wp\/v2\/posts\/6025","targetHints":{"allow":["GET"]}}],"collection":[{"href":"https:\/\/www.hipzg.hr\/en\/wp-json\/wp\/v2\/posts"}],"about":[{"href":"https:\/\/www.hipzg.hr\/en\/wp-json\/wp\/v2\/types\/post"}],"author":[{"embeddable":true,"href":"https:\/\/www.hipzg.hr\/en\/wp-json\/wp\/v2\/users\/4"}],"replies":[{"embeddable":true,"href":"https:\/\/www.hipzg.hr\/en\/wp-json\/wp\/v2\/comments?post=6025"}],"version-history":[{"count":0,"href":"https:\/\/www.hipzg.hr\/en\/wp-json\/wp\/v2\/posts\/6025\/revisions"}],"wp:attachment":[{"href":"https:\/\/www.hipzg.hr\/en\/wp-json\/wp\/v2\/media?parent=6025"}],"wp:term":[{"taxonomy":"category","embeddable":true,"href":"https:\/\/www.hipzg.hr\/en\/wp-json\/wp\/v2\/categories?post=6025"},{"taxonomy":"post_tag","embeddable":true,"href":"https:\/\/www.hipzg.hr\/en\/wp-json\/wp\/v2\/tags?post=6025"}],"curies":[{"name":"wp","href":"https:\/\/api.w.org\/{rel}","templated":true}]}}