{"id":6022,"date":"2021-11-20T18:52:02","date_gmt":"2021-11-20T17:52:02","guid":{"rendered":"http:\/\/isphr.local\/?p=5782"},"modified":"2021-11-20T18:52:02","modified_gmt":"2021-11-20T17:52:02","slug":"ponedjeljak-22-studenoga-2021-znanstveni-skup-s-medunarodnim-sudjelovanjem-pad-beograda-1521-godine-i-njegove-posljedice-za-hrvatski-povijesni-prostor-2","status":"publish","type":"post","link":"https:\/\/www.hipzg.hr\/en\/ponedjeljak-22-studenoga-2021-znanstveni-skup-s-medunarodnim-sudjelovanjem-pad-beograda-1521-godine-i-njegove-posljedice-za-hrvatski-povijesni-prostor-2\/","title":{"rendered":"Ponedjeljak, 22. studenoga 2021. Znanstveni skup s me\u0111unarodnim sudjelovanjem: Pad Beograda 1521. godine i njegove posljedice za hrvatski povijesni prostor"},"content":{"rendered":"<p><!--:hr-->U ponedjeljak, 22. studenoga 2021. s po\u010detkom u 9 sati u<strong> dvorani \u201eBla\u017eeni Alojzije kard. Stepinac\u201c na Hrvatskom katoli\u010dkom sveu\u010dili\u0161tu<\/strong> odr\u017eat \u0107e se znanstveni skup s me\u0111unarodnim sudjelovanjem\u00a0<em>Pad Beograda 1521. godine i njegove posljedice za hrvatski povijesni prostor<\/em>.<br \/>\nIzlagat \u0107e povjesni\u010dari iz Hrvatske, Bosne i Hercegovine, Srbije, Ma\u0111arske i Austrije, a skup \u0107e pohoditi i beogradski nadbiskup i metropolit Stanislav Ho\u010devar, koji \u0107e predslaviti svetu misu u sveu\u010dili\u0161noj kapeli na po\u010detku skupa.<br \/>\nZnanstveni skup zajedni\u010dki organiziraju Beogradska nadbiskupija, Hrvatsko katoli\u010dko sveu\u010dili\u0161te i Hrvatski institut za povijest. Doga\u0111aj povodom \u010dije se 500. obljetnice skup organizira, opsada i pad Beograda pod vlast Osmanskog Carstva 1521. godine, jedna je od prekretnica u povijesti zemalja srednje i jugoisto\u010dne Europe, jer je njime probijena linija obrane Ugarsko-Hrvatskog Kraljevstva, a osmanskoj vojsci otvoren put prema Budimpe\u0161ti i Be\u010du. Doga\u0111aji koji su uslijedili definirali su povijest hrvatskih zemalja tijekom sljede\u0107ih nekoliko stolje\u0107a.<\/p>\n<p>Izlaga\u010di \u0107e govoriti o uzrocima neuspje\u0161ne obrane Beograda, poput politi\u010dkog i diplomatskog stanja u tada\u0161njoj kr\u0161\u0107anskoj Europi, te o osmanskoj strategiji. Posebna pa\u017enja posvetit \u0107e se percepciji pada Beograda u tada\u0161njem kr\u0161\u0107anskom i osmanskom dru\u0161tvu, te posljedicama tog doga\u0111aja i na\u010dinu kako su se hrvatske zemlje, a i Ugarsko-Hrvatsko Kraljevstvo u cjelini, nastojali prilagoditi novonastaloj situaciji. Znanstveni skup \u0107e se prenositi u\u017eivo na YouTube kanalu Hrvatskog katoli\u010dkog sveu\u010dili\u0161ta.<\/p>\n<p>Knji\u017eica sa\u017eetaka dostupna je na\u00a0<a href=\"https:\/\/www.unicath.hr\/hks2015\/wp-content\/uploads\/2021\/10\/Beograd-1521-Knjizica-sazetaka.pdf\" target=\"_blank\" rel=\"noopener\">poveznici.<\/a><\/p>\n<p><em>Izvor: HKS<\/em><!--:--><\/p>\n","protected":false},"excerpt":{"rendered":"<p>U ponedjeljak, 22. studenoga 2021. s po\u010detkom u 9 sati u dvorani \u201eBla\u017eeni Alojzije kard. Stepinac\u201c na Hrvatskom katoli\u010dkom sveu\u010dili\u0161tu odr\u017eat \u0107e se znanstveni skup s me\u0111unarodnim sudjelovanjem\u00a0Pad Beograda 1521. godine i njegove posljedice za hrvatski povijesni prostor. Izlagat \u0107e povjesni\u010dari iz Hrvatske, Bosne i Hercegovine, Srbije, Ma\u0111arske i Austrije, a skup \u0107e pohoditi i [&hellip;]<\/p>\n","protected":false},"author":4,"featured_media":0,"comment_status":"closed","ping_status":"closed","sticky":false,"template":"","format":"standard","meta":{"iawp_total_views":0,"footnotes":""},"categories":[25],"tags":[],"class_list":["post-6022","post","type-post","status-publish","format-standard","hentry","category-najave-i-dogadanja"],"_links":{"self":[{"href":"https:\/\/www.hipzg.hr\/en\/wp-json\/wp\/v2\/posts\/6022","targetHints":{"allow":["GET"]}}],"collection":[{"href":"https:\/\/www.hipzg.hr\/en\/wp-json\/wp\/v2\/posts"}],"about":[{"href":"https:\/\/www.hipzg.hr\/en\/wp-json\/wp\/v2\/types\/post"}],"author":[{"embeddable":true,"href":"https:\/\/www.hipzg.hr\/en\/wp-json\/wp\/v2\/users\/4"}],"replies":[{"embeddable":true,"href":"https:\/\/www.hipzg.hr\/en\/wp-json\/wp\/v2\/comments?post=6022"}],"version-history":[{"count":0,"href":"https:\/\/www.hipzg.hr\/en\/wp-json\/wp\/v2\/posts\/6022\/revisions"}],"wp:attachment":[{"href":"https:\/\/www.hipzg.hr\/en\/wp-json\/wp\/v2\/media?parent=6022"}],"wp:term":[{"taxonomy":"category","embeddable":true,"href":"https:\/\/www.hipzg.hr\/en\/wp-json\/wp\/v2\/categories?post=6022"},{"taxonomy":"post_tag","embeddable":true,"href":"https:\/\/www.hipzg.hr\/en\/wp-json\/wp\/v2\/tags?post=6022"}],"curies":[{"name":"wp","href":"https:\/\/api.w.org\/{rel}","templated":true}]}}