{"id":5981,"date":"2020-11-02T17:45:35","date_gmt":"2020-11-02T16:45:35","guid":{"rendered":"http:\/\/isphr.local\/?p=4917"},"modified":"2020-11-02T17:45:35","modified_gmt":"2020-11-02T16:45:35","slug":"medunarodni-skup-rusi-na-balkanu-stogodisnjica-ruske-emigracije-u-hrvatskoj-1920-2020","status":"publish","type":"post","link":"https:\/\/www.hipzg.hr\/en\/medunarodni-skup-rusi-na-balkanu-stogodisnjica-ruske-emigracije-u-hrvatskoj-1920-2020\/","title":{"rendered":"5.11.2020. Me\u0111unarodna znanstvena konferencija: Rusi na Balkanu stogodi\u0161njica ruske emigracije u Hrvatskoj 1920.-2020."},"content":{"rendered":"<p><!--:hr--><img fetchpriority=\"high\" decoding=\"async\" class=\"size-medium wp-image-4918 alignright\" alt=\"20201102_165513\" src=\"https:\/\/www.hipzg.hr\/wp-content\/uploads\/20201102_165513-210x300.jpg\" width=\"210\" height=\"300\" \/><\/p>\n<h2>Me\u0111unarodna znanstvena konferencija:<br \/>\n\u041c\u0435\u0436\u0434\u0443\u043d\u0430\u0440\u043e\u0434\u043d\u0430\u044f \u043d\u0430\u0443\u0447\u043d\u0430\u044f \u043a\u043e\u043d\u0444\u0435\u0440\u0435\u043d\u0446\u0438\u044f:<\/h2>\n<h1>Rusi na Balkanu<br \/>\nStogodi\u0161njica ruske emigracije u Hrvatskoj<br \/>\n1920 \u2013 2020<br \/>\n\u0420\u0443\u0441\u0441\u043a\u0438\u0435 \u043d\u0430 \u0411\u0430\u043b\u043a\u0430\u043d\u0430\u0445<br \/>\nC\u0442\u043e\u043b\u0435\u0442\u043d\u0438e \u0440\u0443\u0441\u0441\u043a\u043e\u0439 \u044d\u043c\u0438\u0433\u0440\u0430\u0446\u0438\u0438 \u0432 \u0425\u043e\u0440\u0432\u0430\u0442\u0438\u0438<br \/>\n\u0441 1920 \u043f\u043e 2020 \u0433\u043e\u0434<\/h1>\n<p>Organizator i doma\u0107in konferencije:<br \/>\n\u041e\u0440\u0433\u0430\u043d\u0438\u0437\u0430\u0442\u043e\u0440 \u0438 \u0432\u0435\u0434\u0443\u0449\u0438\u0439 \u043a\u043e\u043d\u0444\u0435\u0440\u0435\u043d\u0446\u0438\u0438:<\/p>\n<p>Hrvatski institut za povijest, Zagreb\/<br \/>\n\u0425\u043e\u0440\u0432\u0430\u0442\u0441\u043a\u0438\u0439 \u0438\u043d\u0441\u0442\u0438\u0442\u0443\u0442 \u0438\u0441\u0442\u043e\u0440\u0438\u0438, \u0417\u0430\u0433\u0440\u0435\u0431<\/p>\n<p>Suorganizator i vanjski suradnik:<br \/>\n\u0421\u043e\u043e\u0440\u0433\u0430\u043d\u0438\u0437\u0430\u0442\u043e\u0440 \u0438 \u0432\u043d\u0435\u0448\u043d\u0438\u0439 \u0441\u043e\u0442\u0440\u0443\u0434\u043d\u0438\u043a:<\/p>\n<p>Rossotrudni\u010destvo u Hrvatskoj<br \/>\n\u0420\u043e\u0441\u0441\u043e\u0442\u0440\u0443\u0434\u043d\u0438\u0447\u0435\u0441\u0442\u0432\u043e \u0432 \u0425\u043e\u0440\u0432\u0430\u0442\u0438\u0438<\/p>\n<p>Institut slavjanovedenija RAN, Moskva, RF<br \/>\n\u0418\u043d\u0441\u0442\u0438\u0442\u0443\u0442 \u0441\u043b\u0430\u0432\u044f\u043d\u043e\u0432\u0435\u0434\u0435\u043d\u0438\u044f \u0420\u0410\u041d, \u041c\u043e\u0441\u043a\u0432\u0430, \u0420\u0424<\/p>\n<p>Mjesto i datum odr\u017eavanja konferencije:<br \/>\n\u041c\u0435\u0441\u0442\u043e \u0438 \u0434\u0430\u0442\u0430 \u043f\u0440\u043e\u0432\u0435\u0434\u0435\u043d\u0438\u044f \u043a\u043e\u043d\u0444\u0435\u0440\u0435\u043d\u0446\u0438\u0438:<\/p>\n<p>Hrvatski institut za povijest (Zlatna dvorana), Zagreb, 5. studenog 2020.<br \/>\n\u0425\u043e\u0440\u0432\u0430\u0442\u0441\u043a\u0438\u0439 \u0438\u043d\u0441\u0442\u0438\u0442\u0443\u0442 \u0438\u0441\u0442\u043e\u0440\u0438\u0438 (\u0417\u043e\u043b\u043e\u0442\u043e\u0439 \u0437\u0430\u043b), \u0417\u0430\u0433\u0440\u0435\u0431, 5 \u043d\u043e\u044f\u0431\u0440\u044f 2020 \u0433.<\/p>\n<p><strong><a href=\"https:\/\/us05web.zoom.us\/j\/89241966513?pwd=UnFZMGc0WXBoSXFnMzVuMU15QXpBZz09\" target=\"_blank\" rel=\"noopener\">Link za video vezu \/C\u0441\u044b\u043b\u043a\u0430 \u043d\u0430 \u0432\u0438\u0434\u0435\u043e<\/a><\/strong><\/p>\n<h2><a title=\"PROGRAM\" href=\"https:\/\/www.hipzg.hr\/wp-content\/uploads\/Knjizica.pdf\">PROGRAM\/\u041f\u0420\u041e\u0413\u0420\u0410\u041c\u041c\u0410\u00a0(link<\/a>)<\/h2>\n<p>10.00 \u2013 10.30 Otvorenje konferencije\/ \u041e\u0442\u043a\u0440\u044b\u0442\u0438\u0435 \u043a\u043e\u043d\u0444\u0435\u0440\u0435\u043d\u0446\u0438\u0438<\/p>\n<p>dr. sc. Gordan RAVAN\u010cI\u0106\/ \u0413\u043e\u0440\u0434\u0430\u043d \u0420\u0410\u0412\u0410\u041d\u0427\u0418\u0427, \u0434-\u0440 \u0438\u0441\u0442. \u043d\u0430\u0443\u043a<br \/>\nRavnatelj Hrvatskog instituta za povijest\/ \u0434\u0438\u0440\u0435\u043a\u0442\u043e\u0440 \u0425\u043e\u0440\u0432\u0430\u0442\u0441\u043a\u043e\u0433\u043e \u0438\u043d\u0441\u0442\u0438\u0442\u0443\u0442\u0430 \u0438\u0441\u0442\u043e\u0440\u0438\u0438<\/p>\n<p>Gdin., Andrej A. NESTERENKO\/ \u0413-\u0434\u0438\u043d ., \u0410\u043d\u0434\u0440\u0435\u0439 \u0410. \u041d\u0415\u0421\u0422\u0415\u0420\u0415\u041d\u041a\u041e<br \/>\nVeleposlanik Ruske Federacije u Republici Hrvatskoj\/\u041f\u043e\u0441\u043e\u043b \u0420\u043e\u0441\u0441\u0438\u0439\u0441\u043a\u043e\u0439 \u0424\u0435\u0434\u0435\u0440\u0430\u0446\u0438\u0438 \u0432 \u0420\u0435\u0441\u043f\u0443\u0431\u043b\u0438\u043a\u0435 \u0425\u043e\u0440\u0432\u0430\u0442\u0438\u044f<\/p>\n<p>dr. sc. Zdravka ZLODI\/ \u0417\u0434\u0440\u0430\u0432\u043a\u0430 \u0417\u041b\u041e\u0414\u0418, \u0434-\u0440 \u0438\u0441\u0442. \u043d\u0430\u0443\u043a<br \/>\nInicijator i organizator konferencije\/\u0438\u043d\u0438\u0446\u0438\u0430\u0442\u043e\u0440 \u0438 \u043e\u0440\u0433\u0430\u043d\u0438\u0437\u0430\u0442\u043e\u0440 \u043a\u043e\u043d\u0444\u0435\u0440\u0435\u043d\u0446\u0438\u0438<\/p>\n<p>G\u0111a. Natalija JAKIM\u010cUK\/\u0413-\u0436\u0430 \u041d\u0430\u0442\u0430\u043b\u0438\u044f \u042f\u041a\u0418\u041c\u0427\u0423\u041a<br \/>\nRukovoditelj Rossotrudni\u010destva u Zagrebu\/\u0420\u0443\u043a\u043e\u0432\u043e\u0434\u0438\u0442\u0435\u043b\u044c \u0420\u043e\u0441\u0441\u043e\u0442\u0440\u0443\u0434\u043d\u0438\u0447\u0435\u0441\u0442\u0432\u0430 \u0432 \u0417\u0430\u0433\u0440\u0435\u0431\u0435,<\/p>\n<p>10.30 &#8211; 13.00 I. radni dio konferencije\/ I. \u0440\u0430\u0431\u043e\u0447\u0430\u044f \u0447\u0430\u0441\u0442\u044c \u043a\u043e\u043d\u0444\u0435\u0440\u0435\u043d\u0446\u0438\u0438<\/p>\n<p>Dr. sc. Aleksandr PIVOVARENKO\/ \u0410\u043b\u0435\u043a\u0441\u0430\u043d\u0434\u0440 \u041f\u0418\u0412\u041e\u0412\u0410\u0420\u0415\u041d\u041a\u041e, \u0434-\u0440 \u0438\u0441\u0442. \u043d\u0430\u0443\u043a<br \/>\nInstitut slavjanovjedenja RAN (Moskva)\/\u0418\u043d\u0441\u0442\u0438\u0442\u0443\u0442 \u0441\u043b\u0430\u0432\u044f\u043d\u043e\u0432\u0435\u0434\u0435\u043d\u0438\u044f \u0420\u0410\u041d (\u041c\u043e\u0441\u043a\u0432\u0430)<br \/>\nPovijesno \u2013 politi\u010dki kontekst migracionih procesa u Jugoisto\u010dnoj Europi\/ \u0418\u0441\u0442\u043e\u0440\u0438\u0447\u0435\u0441\u043ao &#8211; \u043f\u043e\u043b\u0438\u0442\u0438\u0447\u0435\u0441\u043a\u0438\u0439 \u043a\u043e\u043d\u0442\u0435\u043a\u0441\u0442 \u043c\u0438\u0433\u0440\u0430\u0446\u0438\u043e\u043d\u043d\u044b\u0445 \u043f\u0440\u043e\u0446\u0435\u0441\u0441\u043e\u0432 \u0432 \u044e\u0433\u043e-\u0432\u043e\u0441\u0442\u043e\u0447\u043d\u043e\u0439 \u0415\u0432\u0440\u043e\u043f\u0435<\/p>\n<p>Dr. sc. Viktor I. KOSIK\/ \u0412\u0438\u043a\u0442\u043e\u0440 \u0418. \u041a\u041e\u0421\u0418\u041a, \u0434-\u0440 \u0438\u0441\u0442. \u043d\u0430\u0443\u043a<br \/>\nInstitut slavjanovjedenja RAN (Moskva) \/\u0418\u043d\u0441\u0442\u0438\u0442\u0443\u0442 \u0441\u043b\u0430\u0432\u044f\u043d\u043e\u0432\u0435\u0434\u0435\u043d\u0438\u044f \u0420\u0410\u041d (\u041c\u043e\u0441\u043a\u0432\u0430)<br \/>\nRuske izbjeglice u Hrvatskoj: obitelji i pri\u010de\/ \u0420\u0443\u0441\u0441\u043a\u0438\u0435 \u0431\u0435\u0436\u0435\u043d\u0446\u044b \u0432 \u0425\u043e\u0440\u0432\u0430\u0442\u0438\u0438: \u0444\u0430\u043c\u0438\u043b\u0438\u0438 \u0438 \u0441\u044e\u0436\u0435\u0442\u044b<\/p>\n<p>Dr. sc. Marina SOROKINA\/ \u041c\u0430\u0440\u0438\u043d\u0430 \u0421\u041e\u0420\u041e\u041a\u0418\u041d\u0410, \u043a\u0430\u043d\u0434. \u0438\u0441\u0442. \u043d\u0430\u0443\u043a<br \/>\nDom ruskog zarubje\u017eja im. A. Sol\u017eenjicina (Moskva)\/\u0414\u043e\u043c \u0440\u0443\u0441\u0441\u043a\u043e\u0433\u043e \u0437\u0430\u0440\u0443\u0431\u0435\u0436\u044c\u044f \u0438\u043c. \u0410\u043b\u0435\u043a\u0441\u0430\u043d\u0434\u0440\u0430 \u0421\u043e\u043b\u0436\u0435\u043d\u0438\u0446\u044b\u043d\u0430 (\u041c\u043e\u0441\u043a\u0432\u0430)<br \/>\nRusko znanstveno zagrani\u010dje na Balaknu (u Hrvatskoj) u 20. stolje\u0107u\/ \u0420\u043e\u0441\u0441\u043a\u043e\u0435 \u043d\u0430\u0443\u0447\u043d\u043e\u0435 \u0437\u0430\u0440\u0443\u0431\u0435\u0436\u044c\u0435 \u043d\u0430 \u0411\u0430\u043b\u043a\u0430\u043d\u0430\u0445 (\u0432 \u0425\u043e\u0440\u0432\u0430\u0442\u0438\u0438) \u0432 \u0425\u0425 \u0432\u0435\u043a\u0435.<\/p>\n<p>G\u0111a. Branka DRAGI\u010cEVI\u0106\/ \u0413-\u0436\u0430 \u0411\u0440\u0430\u043d\u043a\u0430 \u0414\u0420\u0410\u0413\u0418\u0427\u0415\u0412\u0418\u0427<br \/>\nPotomak Bijele emigracije, (Zagreb)\/ \u041f\u043e\u0442\u043e\u043c\u043e\u043a \u0431\u0435\u043b\u043e\u0439 \u044d\u043c\u0438\u0433\u0440\u0430\u0446\u0438\u0438 (\u0417\u0430\u0433\u0440\u0435\u0431)<br \/>\nSje\u0107anje na moga djeda Ivana Pigareva\/ \u041f\u0430\u043c\u044f\u0442\u044c \u043e \u043c\u043e\u0435\u043c \u0434\u0435\u0434\u0443\u0448\u043a\u0435 \u0418\u0432\u0430\u043d\u0435 \u041f\u0438\u0433\u0430\u0440\u0435\u0432\u0435<\/p>\n<p>G\u0111a. Sanja PRIBI\u0106 \/ \u0433-\u0436\u0430 \u0421\u0430\u043d\u044f \u041f\u0420\u0418\u0411\u0418\u0427<br \/>\n\u0410kademski slikar \u2013 grafi\u010dar i spisateljica. Potomak Bijele emigracije (Zagreb) \/ \u0410\u043a\u0430\u0434\u0435\u043c\u0438\u0447\u0435\u0441\u043a\u0438\u0439 \u0445\u0443\u0434\u043e\u0436\u043d\u0438\u043a-\u0433\u0440\u0430\u0444\u0438\u043a, \u043f\u0438\u0441\u0430\u0442\u0435\u043b\u044c\u043d\u0438\u0446\u0430, \u043f\u043e\u0442\u043e\u043c\u043e\u043a \u0431\u0435\u043b\u043e\u0439 \u044d\u043c\u0438\u0433\u0440\u0430\u0446\u0438\u0438 (\u0417\u0430\u0433\u0440\u0435\u0431)<br \/>\nZatvoreni krug: od Dubrovnika do Rusije i nazad. Pri\u010da jedne obitelji \/ \u0417\u0430\u043c\u043a\u043d\u0443\u0442\u044b\u0439 \u043a\u0440\u0443\u0433: \u0438\u0437 \u0414\u0443\u0431\u0440\u043e\u0432\u043d\u0438\u043a\u0430 \u0432 \u0420\u043e\u0441\u0441\u0438\u044e \u0438 \u043e\u0431\u0440\u0430\u0442\u043d\u043e. \u0418\u0441\u0442\u043e\u0440\u0438\u044f \u043e\u0434\u043d\u043e\u0439 \u0441\u0435\u043c\u044c\u0438.<\/p>\n<p>Dr. sc. Inna GRUBMAIR\/ \u0418\u043d\u043d\u0430 \u0413\u0420\u0423\u0411\u041c\u0415\u0418\u0420, \u043a\u0430\u043d\u0434. \u0438\u0441\u0442. \u043d\u0430\u0443\u043a<br \/>\nSveu\u010dili\u0161te J. Keplera (Linz)\/\u0423\u043d\u0438\u0432\u0435\u0440\u0441\u0438\u0442\u0435\u0442 \u0419. \u041a\u0435\u043f\u043b\u0435\u0440\u0430, (Linz)<br \/>\nObitelj Ljuljka u epohi 20. stolje\u0107a \u0421\u0435\u043c\u044c\u044f \u041b\u044e\u043b\u044c\u043a\u0430 \u0432 \u043a\u0440\u0443\u0433\u043e\u0432\u043e\u0440\u043e\u0442\u0435 \u0425\u0425 \u0432.<\/p>\n<p>Dr. sc. Anton V. POSADSKIJ\/ \u0410\u043d\u0442\u043e\u043d \u0412. \u041f\u041e\u0421\u0410\u0414\u0421\u041a\u0418\u0419, \u0434-\u0440 \u0438\u0441\u0442. \u043d\u0430\u0443\u043a<br \/>\nPovolo\u017eski institut upravljanja im. P. A. Stolipina \u2013 podru\u017enica Ruske akademije narodnog gospodarstva i dr\u017eavne slu\u017ebe (Saratov)\/\u041f\u043e\u0432\u043e\u043b\u0436\u0441\u043a\u0438\u0439 \u0438\u043d\u0441\u0442\u0438\u0442\u0443\u0442 \u0443\u043f\u0440\u0430\u0432\u043b\u0435\u043d\u0438\u044f \u0438\u043c\u0435\u043d\u0438 \u041f. \u0410. \u0421\u0442\u043e\u043b\u044b\u043f\u0438\u043d\u0430 &#8211; \u0444\u0438\u043b\u0438\u0430\u043b \u0420\u043e\u0441\u0441\u0438\u0439\u0441\u043a\u043e\u0439 \u0430\u043a\u0430\u0434\u0435\u043c\u0438\u0438 \u043d\u0430\u0440\u043e\u0434\u043d\u043e\u0433\u043e \u0445\u043e\u0437\u044f\u0439\u0441\u0442\u0432\u0430 \u0438 \u0433\u043e\u0441\u0443\u0434\u0430\u0440\u0441\u0442\u0432\u0435\u043d\u043d\u043e\u0439 \u0441\u043b\u0443\u0436\u0431\u044b. (\u0421\u0430\u0440\u0430\u0442\u043e\u0432)<br \/>\nPukovnik Viktor Manakin: hrvatsko razdoblje \u017eivota bijelog emigranta \u041f\u043e\u043b\u043a\u043e\u0432\u043d\u0438\u043a \u0412\u0438\u043a\u0442\u043e\u0440 \u041c\u0430\u043d\u0430\u043a\u0438\u043d: \u0445\u043e\u0440\u0432\u0430\u0442\u0441\u043a\u0438\u0439 \u043f\u0435\u0440\u0438\u043e\u0434 \u0436\u0438\u0437\u043d\u0438 \u0431\u0435\u043b\u043e\u0433\u043e \u044d\u043c\u0438\u0433\u0440\u0430\u043d\u0442\u0430<\/p>\n<p>Dr. sc. Magdalena MEDARI\u0106, red. prof. u mirovini\/ \u041c\u0430\u0433\u0434\u0430\u043b\u0435\u043d\u0430 \u041c\u0415\u0414\u0410\u0420\u0418\u0427, \u043f\u0440\u043e\u0444. \u0434 -\u0440 \u043d\u0430 \u043f\u0435\u043d\u0441\u0438\u0438<br \/>\nPotomak Bijele emigracije (Zagreb)\/ \u041f\u043e\u0442\u043e\u043c\u043e\u043a \u0431\u0435\u043b\u043e\u0439 \u044d\u043c\u0438\u0433\u0440\u0430\u0446\u0438\u0438 (\u0417\u0430\u0433\u0440\u0435\u0431)<br \/>\nDoprinos ruskih likovnih umjetnika hrvatskoj kulturi\/ \u0412\u043a\u043b\u0430\u0434 \u0440\u0443\u0441\u0441\u043a\u0438\u0445 \u0445\u0443\u0434\u043e\u0436\u043d\u0438\u043a\u043e\u0432 \u0432 \u0445\u043e\u0440\u0432\u0430\u0442\u0441\u043a\u0443\u044e \u043a\u0443\u043b\u044c\u0442\u0443\u0440\u0443<\/p>\n<p>Magistar povijesti umjetnosti i rusistike Jana GAMILEC\/ \u043c\u0430\u0433\u0438\u0441\u0442\u0440 \u0438\u0441\u0442\u043e\u0440\u0438\u0438 \u0438\u0441\u043a\u0443\u0441\u0441\u0442\u0432\u0430 \u0438 \u0440\u0443\u0441\u0438\u0441\u0442\u0438\u043a\u0438 \u042f\u043d\u0430 \u0413\u0410\u041c\u0418\u041b\u0415\u0426<br \/>\nFilozofski fakultet Sveu\u010dili\u0161ta u Zagrebu\/ \u0424\u0438\u043b\u043e\u0441\u043e\u0444\u0441\u043a\u0438\u0439 \u0444\u0430\u043a\u0443\u043b\u044c\u0442\u0435\u0442 \u0417\u0430\u0433\u0440\u0435\u0431\u0441\u043a\u043e\u0433\u043e \u0443\u043d\u0438\u0432\u0435\u0440\u0441\u0438\u0442\u0435\u0442\u0430<br \/>\nStari Zagreb u akvarelima arhitekte \u2013 emigranta prof. Petra Pavlovi\u010da Fetisova (1877-1926)\/ \u0421\u0442\u0430\u0440\u044b\u0439 \u0417\u0430\u0433\u0440\u0435\u0431 \u0432 \u0430\u043a\u0432\u0430\u0440\u0435\u043b\u044f\u0445 \u0430\u0440\u0445\u0438\u0442\u0435\u043a\u0442\u043e\u0440\u0430-\u044d\u043c\u0438\u0433\u0440\u0430\u043d\u0442\u0430 \u043f\u0440\u043e\u0444. \u041f\u0435\u0442\u0440\u0430 \u041f\u0430\u0432\u043b\u043e\u0432\u0438\u0447\u0430 \u0424\u0435\u0442\u0438\u0441\u043e\u0432\u0430 (1877-1926)<\/p>\n<p>13.00 &#8211; 14.00 Pauza za ru\u010dak<\/p>\n<p>14.00 &#8211; 16.30 II. radni dio konferencije\/ I. \u0440\u0430\u0431\u043e\u0447\u0430\u044f \u0447\u0430\u0441\u0442\u044c \u043a\u043e\u043d\u0444\u0435\u0440\u0435\u043d\u0446\u0438\u0438<\/p>\n<p>Dr. sc. G\u0111a. Irina KASATSKAJA\/ \u0418\u0440\u0438\u043d\u0430 \u041a\u0410\u0421\u0410\u0426\u041a\u0410\u042f, \u043a\u0430\u043d\u0434. \u0438\u0441\u0442. \u043d\u0430\u0443\u043a<br \/>\npraunuka ruskih emigranata A.V. i O.V. Hansen<br \/>\nRuski dr\u017eavni pedago\u0161ki fakultet im. A. I. Hercena (Petrograd)\/\u0420\u043e\u0441\u0441\u0438\u0439\u0441\u043a\u0438\u0439 \u0433\u043e\u0441\u0443\u0434\u0430\u0440\u0441\u0442\u0432\u0435\u043d\u043d\u044b\u0439 \u043f\u0435\u0434\u0430\u0433\u043e\u0433\u0438\u0447\u0435\u0441\u043a\u0438\u0439 \u0443\u043d\u0438\u0432\u0435\u0440\u0441\u0438\u0442\u0435\u0442 \u0438\u043c. \u0410.\u0418. \u0413\u0435\u0440\u0446\u0435\u043d\u0430 (Petrograd)<br \/>\nUtjecaj povijesnih doga\u0111aja na sudbine ljudi na primjeru \u017eivota i stvarala\u0161tva slikara \u2013 marinista Alekseja Hanzena\/\u0412\u043b\u0438\u044f\u043d\u0438\u0435 \u0438\u0441\u0442\u043e\u0440\u0438\u0447\u0435\u0441\u043a\u0438\u0445 \u0441\u043e\u0431\u044b\u0442\u0438\u0439 \u043d\u0430 \u0441\u0443\u0434\u044c\u0431\u044b \u043b\u044e\u0434\u0435\u0439 (\u043d\u0430 \u043f\u0440\u0438\u043c\u0435\u0440\u0435 \u0436\u0438\u0437\u043d\u0438 \u0438 \u0442\u0432\u043e\u0440\u0447\u0435\u0441\u0442\u0432\u0430 \u0445\u0443\u0434\u043e\u0436\u043d\u0438\u043a\u0430-\u043c\u0430\u0440\u0438\u043d\u0438\u0441\u0442\u0430 \u0410\u043b\u0435\u043a\u0441\u0435\u044f \u0413\u0430\u043d\u0437\u0435\u043d\u0430)<\/p>\n<p>Prof. dr. Irina. ANTANASIJEVI\u0106\/ \u0418\u0440\u0438\u043d\u0430 \u0410\u041d\u0422\u0410\u041d\u0410\u0421\u0418\u0415\u0412\u0418\u0427, \u041f\u0440\u043e\u0444. \u0434-\u0440<br \/>\nFilozofski fakultet Sveu\u010dili\u0161ta u Beogradu\/ \u0424\u0438\u043b\u043e\u0441\u043e\u0444\u0441\u043a\u0438\u0439 \u0444\u0430\u043a\u0443\u043b\u044c\u0442\u0435\u0442 \u0411\u0435\u043b\u0433\u0440\u0430\u0434\u0441\u043a\u043e\u0433\u043e \u0443\u043d\u0438\u0432\u0435\u0440\u0441\u0438\u0442\u0435\u0442\u0430<br \/>\nRuski emigranti u formiranju hrvatske karikature, stripa i filma\/ \u0420\u0443\u0441\u0441\u043a\u0438\u0435 \u044d\u043c\u0438\u0433\u0440\u0430\u043d\u0442\u044b \u0432 \u0444\u043e\u0440\u043c\u0438\u0440\u043e\u0432\u0430\u043d\u0438\u0438 \u0445\u043e\u0440\u0432\u0430\u0442\u0441\u043a\u043e\u0439 \u043a\u0430\u0440\u0438\u043a\u0430\u0442\u0443\u0440\u044b, \u043a\u043e\u043c\u0438\u043a\u0441\u043e\u0432 \u0438 \u043a\u0438\u043d\u043e<\/p>\n<p>Dr. sc. Zdravka ZLODI\/ \u0417\u0434\u0440\u0430\u0432\u043a\u0430 \u0417\u041b\u041e\u0414\u0418, \u0434-\u0440 \u0438\u0441\u0442. \u043d\u0430\u0443\u043a<br \/>\nHrvatski institut za povijest (Zagreb)\/ \u0425\u043e\u0440\u0432\u0430\u0442\u0441\u043a\u0438\u0439 \u0438\u043d\u0441\u0442\u0438\u0442\u0443\u0442 \u0438\u0441\u0442\u043e\u0440\u0438\u0438, (\u0417\u0430\u0433\u0440\u0435\u0431)<br \/>\nIz &#8221;Uspomena&#8221;Petra N. Vrangela (1878-1928)\/ \u0418\u0437 &#8221;B\u043e\u0441\u043f\u043e\u043c\u0438\u043d\u0430\u043d\u0438\u0439&#8221; \u0431\u0430\u0440\u043e\u043d\u0430 \u041f\u0435\u0442\u0440\u0430 \u041d\u0438\u043a\u043e\u043b\u0430\u0435\u0432\u0438\u0447\u0430 \u0412\u0440\u0430\u043d\u0433\u0435\u043b\u044f<br \/>\n(1878-1928 \u0433\u0433.)<\/p>\n<p>Gdin. Rostislav V. POL\u010cANINOV\/ \u0433-\u0434\u0438\u043d \u0420\u043e\u0441\u0442\u0438\u0441\u043b\u0430\u0432 \u0412. \u041f\u041e\u041b\u0427\u0410\u041d\u0418\u041d\u041e\u0412<br \/>\nPotomak Bijele emigracije (New York)\/ \u041f\u043e\u0442\u043e\u043c\u043e\u043a \u0431\u0435\u043b\u043e\u0439 \u044d\u043c\u0438\u0433\u0440\u0430\u0446\u0438\u0438 (\u041d\u044c\u044e-\u0419\u043e\u0440\u043a)<br \/>\nRuski skauti u Hrvatskoj i rusko \u2013 hrvatska skautska suradnja\/ \u0420\u043e\u0441\u0441\u0438\u0439\u0441\u043a\u0438\u0435 \u0441\u043a\u0430\u0443\u0442\u044b \u0432 \u0425\u043e\u0440\u0432\u0430\u0442\u0438\u0438 \u0438 \u0440\u043e\u0441\u0441\u0438\u0439\u0441\u043a\u043e-\u0445\u043e\u0440\u0432\u0430\u0442\u0441\u043a\u043e\u0435 \u0441\u043a\u0430\u0443\u0442\u0441\u043a\u043e\u0435 \u0441\u043e\u0442\u0440\u0443\u0434\u043d\u0438\u0447\u0435\u0441\u0442\u0432\u043e<\/p>\n<p>G\u0111a. Madina UMAROVA, prof. ruskog jezika i kulture\/\u0413-\u0436\u0430 \u041c\u0430\u0434\u0438\u043d\u0430 \u0423\u041c\u0410\u0420\u041e\u0412\u0410, \u043f\u0440\u043e\u0444. \u0440\u0443\u0441\u0441\u043a\u043e\u0433\u043e \u044f\u0437\u044b\u043a\u0430 \u0438 \u043a\u0443\u043b\u044c\u0442\u0443\u0440\u044b<br \/>\nKoordinacijski savjet ruskih sunarodnjaka u RH (Zagreb)<br \/>\nOrganizacija obrazovnog procesa za djecu emigranata (1920-1938) \u041e\u0440\u0433\u0430\u043d\u0438\u0437\u0430\u0446\u0438\u044f \u043e\u0431\u0440\u0430\u0437\u043e\u0432\u0430\u0442\u0435\u043b\u044c\u043d\u043e\u0433\u043e \u043f\u0440\u043e\u0446\u0435\u0441\u0441\u0430 \u0434\u043b\u044f \u0434\u0435\u0442\u0435\u0439 \u044d\u043c\u0438\u0433\u0440\u0430\u043d\u0442\u043e\u0432 \u0441 1920-1928 \u0433\u0433 \/<\/p>\n<p>G\u0111a. Natalija MAR\u010cELJA\/ \u0413-\u0436\u0430 \u041d\u0430\u0442\u0430\u043b\u044c\u044f \u041c\u0420\u0427\u0415\u041b\u042f<br \/>\nUdruga ruske nacionalne manjine Ruski dom, PG\u017d (Rijeka)\/ \u0410\u0441\u0441\u043e\u0446\u0438\u0430\u0446\u0438\u044f \u0440\u0443\u0441\u0441\u043a\u043e\u0433\u043e \u043d\u0430\u0446\u0438\u043e\u043d\u0430\u043b\u044c\u043d\u043e\u0433\u043e \u043c\u0435\u043d\u044c\u0448\u0438\u043d\u0441\u0442\u0432\u0430 \u0420\u0443\u0441\u0441\u043a\u0438\u0439 \u0434\u043e\u043c, \u041f\u0413\u0416 (\u0420\u0435\u043a\u0430)<br \/>\nRuska pravoslavna crkva sv. Nikolaja \u010cudotvorca u Crikvenici\/ \u0420\u0443\u0441\u0441\u043a\u0430\u044f \u041f\u0440\u0430\u0432\u043e\u0441\u043b\u0430\u0432\u043d\u0430\u044f \u0426\u0435\u0440\u043a\u043e\u0432\u044c \u0421\u0432. \u041d\u0438\u043a\u043e\u043b\u0430\u044f \u0427\u0443\u0434\u043e\u0442\u0432\u043e\u0440\u0446\u0430 \u0432 \u0426\u0440\u0438\u043a\u0432\u0435\u043d\u0438\u0446\u0435<\/p>\n<p>G\u0111a. Elena. PILI\u010cEVA-\u010cORKO, diplomirani bibliolog\/\u0413-\u0436\u0430 \u0415\u043b\u0435\u043d\u0430 \u041f\u0418\u041b\u0418\u0427\u0415\u0412\u0410-\u0427\u041e\u0420\u041a\u041e, \u0434\u0438\u043f\u043b\u043e\u043c\u0438\u0440\u043e\u0432\u0430\u043d\u043d\u044b\u0439 \u0431\u0438\u0431\u043b\u0438\u043e\u043b\u043e\u0433; \u010clan europskog RKS \/\u0427\u043b\u0435\u043d \u0415\u0432\u0440\u043e\u043f\u0435\u0439\u0441\u043a\u043e\u0433\u043e \u0420\u041a\u0421.<br \/>\nGrupa za o\u010duvanje ruskog povijesnog naslje\u0111a &#8221;Rusnasled&#8221; (Zagreb)\/ \u0413\u0440\u0443\u043f\u043f\u0430 \u043f\u043e \u0441\u043e\u0445\u0440\u0430\u043d\u0435\u043d\u0438\u044e \u0440\u0443\u0441\u0441\u043a\u043e\u0433\u043e \u0438\u0441\u0442\u043e\u0440\u0438\u0447\u0435\u0441\u043a\u043e\u0433\u043e \u043d\u0430\u0441\u043b\u0435\u0434\u0438\u044f &#8221;\u0420\u0443\u0441\u043d\u0430\u0441\u043b\u0435\u0434&#8221; (\u0417\u0430\u0433\u0440\u0435\u0431)<br \/>\nVladimir \u010cernjajev u kontekstu djelovanja grupe Rusnasled\/ \u0412\u043b\u0430\u0434\u0438\u043c\u0438\u0440 \u0427\u0435\u0440\u043d\u044f\u0435\u0432 \u0432 \u043a\u043e\u043d\u0442\u0435\u043a\u0441\u0442\u0435 \u0434\u0435\u044f\u0442\u0435\u043b\u044c\u043d\u043e\u0441\u0442\u0438 \u0433\u0440\u0443\u043f\u043f\u044b \u0420\u0443\u0441\u043d\u0430\u0441\u043b\u0435\u0434<br \/>\nDr. sc. Robert HOLJEVAC\/ \u0420\u043e\u0431\u0435\u0440\u0442 \u0425\u041e\u041b\u0415\u0412\u0410\u0426, \u0434-\u0440 \u0438\u0441\u0442. \u043d\u0430\u0443\u043a<br \/>\nHrvatski institut za povijest (Zagreb)\/ \u0425\u043e\u0440\u0432\u0430\u0442\u0441\u043a\u0438\u0439 \u0438\u043d\u0441\u0442\u0438\u0442\u0443\u0442 \u0438\u0441\u0442\u043e\u0440\u0438\u0438, (\u0417\u0430\u0433\u0440\u0435\u0431)<br \/>\nSje\u0107anje na Andreja Borisovi\u010da \u010cebotarjeva (1954 \u2013 1918)\/ ).\/ \u0412\u0441\u043f\u043e\u043c\u0438\u043d\u0430\u044f \u0410\u043d\u0434\u0440\u0435\u044f \u0411\u043e\u0440\u0438\u0441\u043e\u0432\u0438\u0447\u0430 \u0427\u0435\u0431\u043e\u0442\u0430\u0440\u0435\u0432\u0430 (1954-1918)<br \/>\nProf. dr. Zdenko ZLATAR\/ \u0417\u0434\u0435\u043d\u043a\u043e \u0417\u041b\u0410\u0422\u0410\u0420, \u041f\u0440\u043e\u0444. \u0434-\u0440<br \/>\nProfesor povijesti slavenskih naroda na University of Sydney\/ \u041f\u0440\u043e\u0444\u0435\u0441\u0441\u043e\u0440 \u0438\u0441\u0442\u043e\u0440\u0438\u0438 \u0441\u043b\u0430\u0432\u044f\u043d\u0441\u043a\u0438\u0445 \u043d\u0430\u0440\u043e\u0434\u043e\u0432 \u0421\u0438\u0434\u043d\u0435\u0439\u0441\u043a\u043e\u0433\u043e \u0443\u043d\u0438\u0432\u0435\u0440\u0441\u0438\u0442\u0435\u0442\u0430<br \/>\nIlja Nikolajevi\u010d Goleni\u0161\u010dev-Kutuzov (1904-1969)\/ \u0418\u043b\u044c\u044f \u041d\u0438\u043a\u043e\u043b\u0430\u0435\u0432\u0438\u0447 \u0413\u043e\u043b\u0435\u043d\u0438\u0449\u0435\u0432-\u041a\u0443\u0442\u0443\u0437\u043e\u0432 (1904-1969)<\/p>\n<h2>Kratko predstavljanje knjiga\/ \u041a\u0440\u0430\u0442\u043a\u0430\u044f \u043f\u0440\u0435\u0437\u0435\u043d\u0442\u0430\u0446\u0438\u044f \u043a\u043d\u0438\u0433:<\/h2>\n<p>1. \u0422\u0430\u0442\u044c\u044f\u043d\u0430 \u041f\u0423\u0428\u041a\u0410\u0414\u0418\u042f &#8211; \u0420\u042b\u0411\u041a\u0418\u041d; \u0418\u043d\u043d\u0430 \u0413\u0420\u0423\u0411\u041c\u0410\u0419\u0415\u0420: \u042d\u043c\u0438\u0433\u0440\u0430\u043d\u0442\u044b \u0438\u0437 \u0420\u043e\u0441\u0441\u0438\u0438 \u0432 \u0417\u0430\u0433\u0440\u0435\u0431\u0435: \u0436\u0438\u0437\u043d\u0438 \u0438 \u0441\u0443\u0434\u044c\u0431\u044b\/Emigracija iz Rusije u Zagrebu: \u017eivoti i sudbine, Zagreb, 2019.<\/p>\n<p>2. Natalija MAR\u010cELJA, Ruska pravoslavna crkva sv. Nikolaja \u010cudotvorca u Crikvenici\/ \u0420\u0443\u0441\u0441\u043a\u0430\u044f \u041f\u0440\u0430\u0432\u043e\u0441\u043b\u0430\u0432\u043d\u0430\u044f \u0426\u0435\u0440\u043a\u043e\u0432\u044c \u0421\u0432. \u041d\u0438\u043a\u043e\u043b\u0430\u044f \u0427\u0443\u0434\u043e\u0442\u0432\u043e\u0440\u0446\u0430 \u0432 \u0426\u0440\u0438\u043a\u0432\u0435\u043d\u0438\u0446\u0435, Rijeka 2018.<\/p>\n<p>3. Sanja PRIBI\u0106, Baka Lina\/ \u0411\u0430\u0431\u0443\u0448\u043a\u0430 \u041b\u0438\u043d\u0430, Zagreb, 2020.<br \/>\n(Recitacija pjesme &#8221;Emigrant&#8221;\/ \u0427\u0442\u0435\u043d\u0438\u0435 \u043f\u0435\u0441\u043d\u0438 &#8221;\u042d\u043c\u0438\u0433\u0440\u0430\u043d\u0442&#8221;<\/p>\n<h2>Poslu\u0161ajte epizode radio emisije <em>Povijesne kontroverze<\/em> posve\u0107ene Rusiji i ruskoj emigraciji u Hrvatskoj. Emisije su realizirane i izvorno objavljene u sklopu Hrvatskog radija Tre\u0107i program.<\/h2>\n<p>Rusija i Balkan &#8211; pro\u0161lost u sada\u0161njosti, go\u0161\u0107a dr. sc. Zdravka Zlodi; emisija izvorno emitirana 21. o\u017eujka 2019. na HR3<\/p>\n<audio class=\"wp-audio-shortcode\" id=\"audio-5981-1\" preload=\"none\" style=\"width: 100%;\" controls=\"controls\"><source type=\"audio\/mpeg\" src=\"https:\/\/www.hipzg.hr\/wp-content\/uploads\/Povijesne-kontroverze-Rusija-i-Balkan-pro\u0161lost-u-sada\u0161njosti.mp3?_=1\" \/><a href=\"https:\/\/www.hipzg.hr\/wp-content\/uploads\/Povijesne-kontroverze-Rusija-i-Balkan-pro\u0161lost-u-sada\u0161njosti.mp3\">https:\/\/www.hipzg.hr\/wp-content\/uploads\/Povijesne-kontroverze-Rusija-i-Balkan-pro\u0161lost-u-sada\u0161njosti.mp3<\/a><\/audio>\n<p>Rusija izvan Rusije &#8211; stogodi\u0161njica ruske emigracije u Hrvatskoj 1 dio, go\u0161\u0107a dr. sc. Zdravka Zlodi, emisija izvorno emitirana 15. listopada 2020. na HR3<\/p>\n<audio class=\"wp-audio-shortcode\" id=\"audio-5981-2\" preload=\"none\" style=\"width: 100%;\" controls=\"controls\"><source type=\"audio\/mpeg\" src=\"https:\/\/www.hipzg.hr\/wp-content\/uploads\/Rusija-izvan-Rusije-stogodisnjica-ruske-emigracije-u-Hrvatskoj-1-dio.mp3?_=2\" \/><a href=\"https:\/\/www.hipzg.hr\/wp-content\/uploads\/Rusija-izvan-Rusije-stogodisnjica-ruske-emigracije-u-Hrvatskoj-1-dio.mp3\">https:\/\/www.hipzg.hr\/wp-content\/uploads\/Rusija-izvan-Rusije-stogodisnjica-ruske-emigracije-u-Hrvatskoj-1-dio.mp3<\/a><\/audio>\n<p>Rusija izvan Rusije &#8211; stogodi\u0161njica ruske emigracije u Hrvatskoj 2 dio, go\u0161\u0107a dr. sc. Zdravka Zlodi, emisija izvorno emitirana 22. listopada 2020. na HR3<\/p>\n<p><audio class=\"wp-audio-shortcode\" id=\"audio-5981-3\" preload=\"none\" style=\"width: 100%;\" controls=\"controls\"><source type=\"audio\/mpeg\" src=\"https:\/\/www.hipzg.hr\/wp-content\/uploads\/Rusija-izvan-Rusije-stogodisnjica-ruske-emigracije-u-Hrvatskoj-2-dio.mp3?_=3\" \/><a href=\"https:\/\/www.hipzg.hr\/wp-content\/uploads\/Rusija-izvan-Rusije-stogodisnjica-ruske-emigracije-u-Hrvatskoj-2-dio.mp3\">https:\/\/www.hipzg.hr\/wp-content\/uploads\/Rusija-izvan-Rusije-stogodisnjica-ruske-emigracije-u-Hrvatskoj-2-dio.mp3<\/a><\/audio><!--:--><!--:en--><img decoding=\"async\" class=\"aligncenter size-full wp-image-4918\" alt=\"20201102_165513\" src=\"https:\/\/www.hipzg.hr\/wp-content\/uploads\/20201102_165513.jpg\" width=\"668\" height=\"950\" \/><!--:--><\/p>\n","protected":false},"excerpt":{"rendered":"<p>Me\u0111unarodna znanstvena konferencija: \u041c\u0435\u0436\u0434\u0443\u043d\u0430\u0440\u043e\u0434\u043d\u0430\u044f \u043d\u0430\u0443\u0447\u043d\u0430\u044f \u043a\u043e\u043d\u0444\u0435\u0440\u0435\u043d\u0446\u0438\u044f: Rusi na Balkanu Stogodi\u0161njica ruske emigracije u Hrvatskoj 1920 \u2013 2020 \u0420\u0443\u0441\u0441\u043a\u0438\u0435 \u043d\u0430 \u0411\u0430\u043b\u043a\u0430\u043d\u0430\u0445 C\u0442\u043e\u043b\u0435\u0442\u043d\u0438e \u0440\u0443\u0441\u0441\u043a\u043e\u0439 \u044d\u043c\u0438\u0433\u0440\u0430\u0446\u0438\u0438 \u0432 \u0425\u043e\u0440\u0432\u0430\u0442\u0438\u0438 \u0441 1920 \u043f\u043e 2020 \u0433\u043e\u0434 Organizator i doma\u0107in konferencije: \u041e\u0440\u0433\u0430\u043d\u0438\u0437\u0430\u0442\u043e\u0440 \u0438 \u0432\u0435\u0434\u0443\u0449\u0438\u0439 \u043a\u043e\u043d\u0444\u0435\u0440\u0435\u043d\u0446\u0438\u0438: Hrvatski institut za povijest, Zagreb\/ \u0425\u043e\u0440\u0432\u0430\u0442\u0441\u043a\u0438\u0439 \u0438\u043d\u0441\u0442\u0438\u0442\u0443\u0442 \u0438\u0441\u0442\u043e\u0440\u0438\u0438, \u0417\u0430\u0433\u0440\u0435\u0431 Suorganizator i vanjski suradnik: \u0421\u043e\u043e\u0440\u0433\u0430\u043d\u0438\u0437\u0430\u0442\u043e\u0440 \u0438 \u0432\u043d\u0435\u0448\u043d\u0438\u0439 \u0441\u043e\u0442\u0440\u0443\u0434\u043d\u0438\u043a: [&hellip;]<\/p>\n","protected":false},"author":5,"featured_media":0,"comment_status":"closed","ping_status":"closed","sticky":false,"template":"","format":"standard","meta":{"iawp_total_views":8,"footnotes":""},"categories":[25],"tags":[],"class_list":["post-5981","post","type-post","status-publish","format-standard","hentry","category-najave-i-dogadanja"],"_links":{"self":[{"href":"https:\/\/www.hipzg.hr\/en\/wp-json\/wp\/v2\/posts\/5981","targetHints":{"allow":["GET"]}}],"collection":[{"href":"https:\/\/www.hipzg.hr\/en\/wp-json\/wp\/v2\/posts"}],"about":[{"href":"https:\/\/www.hipzg.hr\/en\/wp-json\/wp\/v2\/types\/post"}],"author":[{"embeddable":true,"href":"https:\/\/www.hipzg.hr\/en\/wp-json\/wp\/v2\/users\/5"}],"replies":[{"embeddable":true,"href":"https:\/\/www.hipzg.hr\/en\/wp-json\/wp\/v2\/comments?post=5981"}],"version-history":[{"count":0,"href":"https:\/\/www.hipzg.hr\/en\/wp-json\/wp\/v2\/posts\/5981\/revisions"}],"wp:attachment":[{"href":"https:\/\/www.hipzg.hr\/en\/wp-json\/wp\/v2\/media?parent=5981"}],"wp:term":[{"taxonomy":"category","embeddable":true,"href":"https:\/\/www.hipzg.hr\/en\/wp-json\/wp\/v2\/categories?post=5981"},{"taxonomy":"post_tag","embeddable":true,"href":"https:\/\/www.hipzg.hr\/en\/wp-json\/wp\/v2\/tags?post=5981"}],"curies":[{"name":"wp","href":"https:\/\/api.w.org\/{rel}","templated":true}]}}