{"id":5527,"date":"2021-03-28T11:42:40","date_gmt":"2021-03-28T09:42:40","guid":{"rendered":"http:\/\/hipzg.hr\/?p=5527"},"modified":"2021-03-28T11:42:40","modified_gmt":"2021-03-28T09:42:40","slug":"interni-znanstveno-istrazivacki-projekti","status":"publish","type":"post","link":"https:\/\/www.hipzg.hr\/en\/interni-znanstveno-istrazivacki-projekti\/","title":{"rendered":"Interni znanstveno-istra\u017eiva\u010dki projekti"},"content":{"rendered":"<h4>Temeljem odredbi Kolektivnog ugovora za znanost i visoko obrazovanje i sustava Programskog financiranja u listopadu 2019. u skladu sa Strate\u0161kim planom Hrvatskog instituta za povijest za razdoblje 2019.-2023.\u00a0 pokrenuti su interni znanstveno-istra\u017eiva\u010dki projekti (odobreni na sjednici Znanstvenog vije\u0107a 23. srpnja 2019.)<\/h4>\n<table border=\"1\" width=\"702\" cellspacing=\"0\" cellpadding=\"0\">\n<tbody>\n<tr>\n<td valign=\"top\" width=\"173\"><strong>Naziv projekta<\/strong><\/td>\n<td valign=\"top\" width=\"61\"><strong>Voditelj\/ica projekta<\/strong><\/td>\n<td valign=\"top\" width=\"96\"><strong>Suradnici na projektu<\/strong><\/td>\n<\/tr>\n<tr>\n<td valign=\"top\" width=\"173\">Problematske teme i gradivo za dru\u0161tvenu i vojnu povijest isto\u010dnoga Jadrana u ranom novom vijeku<\/td>\n<td valign=\"top\" width=\"61\">Lovorka \u010corali\u0107<\/td>\n<td valign=\"top\" width=\"96\">Filip Novosel<\/td>\n<\/tr>\n<tr>\n<td valign=\"top\" width=\"173\">Korespondencija fra Bone Peri\u0161i\u0107a<\/td>\n<td valign=\"top\" width=\"61\">Rudolf Barii\u0161i\u0107<\/td>\n<td valign=\"top\" width=\"96\">\u2013<\/td>\n<\/tr>\n<tr>\n<td valign=\"top\" width=\"173\">Razvoj turizma i prometa na hrvatskom dijelu primorja prve jugoslavenske dr\u017eave (1919-1941)<\/td>\n<td valign=\"top\" width=\"61\">Zdravka Jelaska Marijan<\/td>\n<td valign=\"top\" width=\"96\">\u2013<\/td>\n<\/tr>\n<tr>\n<td valign=\"top\" width=\"173\">Fenomen dubrova\u010dkih Srba katolika u svjetlu korespondencije njegovih istaknutih predstavnik<\/td>\n<td valign=\"top\" width=\"61\">Zoran Grijak<\/td>\n<td valign=\"top\" width=\"96\">Zlatko Kudeli\u0107<\/td>\n<\/tr>\n<tr>\n<td valign=\"top\" width=\"173\">Izvori za povijest Slavonije, Srijema i Baranje od srednjeg vijeka do 20. stolje\u0107a<\/td>\n<td valign=\"top\" width=\"61\">Suzana Le\u010dek<\/td>\n<td valign=\"top\" width=\"96\">Marija Karbi\u0107, Milan Vrbanus, Stanko Andri\u0107, Ivan Milec<\/td>\n<\/tr>\n<tr>\n<td valign=\"top\" width=\"173\">Kultura, sport i znanost u socijalisti\u010dkoj Hrvatskoj i Jugoslaviji<\/td>\n<td valign=\"top\" width=\"61\">Albert Bing<\/td>\n<td valign=\"top\" width=\"96\">Davor Kova\u010di\u0107<\/td>\n<\/tr>\n<tr>\n<td valign=\"top\" width=\"173\">Hrvatsko isto\u010dno pograni\u010dje pred izazovom ratova i migracija od Mira u Srijemskim Karlovcima do Domovinskog rata<\/td>\n<td valign=\"top\" width=\"61\">Mario Jareb<\/td>\n<td valign=\"top\" width=\"96\">Robert Skenderovi\u0107, Darijan Godi\u0107<\/td>\n<\/tr>\n<tr>\n<td valign=\"top\" width=\"173\">Hrvatska u diplomatskim izvje\u0161\u0107ima Sjedinjenih Ameri\u010dkih Dr\u017eava 1929.-1941.<\/td>\n<td valign=\"top\" width=\"61\">Hrvoje \u010capo<\/td>\n<td valign=\"top\" width=\"96\">Mario Jareb<\/td>\n<\/tr>\n<tr>\n<td valign=\"top\" width=\"173\">Johannis Bononiensis, Liber de vino<\/td>\n<td valign=\"top\" width=\"61\">Ante \u0160kegro<\/td>\n<td valign=\"top\" width=\"96\">\u2013<\/td>\n<\/tr>\n<tr>\n<td valign=\"top\" width=\"173\">Odabrane teme iz politi\u010dke povijesti (1890.-1929.): stranke, osobe, doga\u0111aji<\/td>\n<td valign=\"top\" width=\"61\">Stjepan Matkovi\u0107<\/td>\n<td valign=\"top\" width=\"96\">Mato Artukovi\u0107, Zlatko Matijevi\u0107<\/td>\n<\/tr>\n<tr>\n<td valign=\"top\" width=\"173\">Povjesnice postrojbi specijalne policije PU karlova\u010dke i PU dubrova\u010dko-neretvanske u Domovinskom ratu 1991-1995. godine<\/td>\n<td valign=\"top\" width=\"61\">Jak\u0161a Ragu\u017e<\/td>\n<td valign=\"top\" width=\"96\">Darjan Godi\u0107<\/td>\n<\/tr>\n<\/tbody>\n<\/table>\n<h4><\/h4>\n<h4>Temeljem odredbi Kolektivnog ugovora za znanost i visoko obrazovanje i sustava Programskog financiranja u sije\u010dnju 2021. u skladu sa Strate\u0161kim planom Hrvatskog instituta za povijest za razdoblje 2019.-2023.\u00a0 pokrenuti su interni znanstveno-istra\u017eiva\u010dki projekti (odobreni na sjednici Znanstvenog vije\u0107a 10. prosinca 2020.)<\/h4>\n<table border=\"1\" width=\"702\" cellspacing=\"0\" cellpadding=\"0\">\n<tbody>\n<tr>\n<td valign=\"top\" width=\"173\"><strong>Naziv projekta<\/strong><\/td>\n<td valign=\"top\" width=\"61\"><strong>Voditelj\/ica projekta<\/strong><\/td>\n<td valign=\"top\" width=\"96\"><strong>Suradnici na projektu<\/strong><\/td>\n<\/tr>\n<tr>\n<td valign=\"top\" width=\"173\">\u201cAlternativne kulture\u201d i \u201csive zone\u201d hrvatskog\/jugoslavenskog kasnog socijalizma: studije slu\u010daja<\/td>\n<td valign=\"top\" width=\"61\">Marko Zubak<\/td>\n<td valign=\"top\" width=\"96\">\u2013<\/td>\n<\/tr>\n<tr>\n<td valign=\"top\" width=\"173\">Gastarbajterska usmena povijest<\/td>\n<td valign=\"top\" width=\"61\">Josip Mihaljevi\u0107<\/td>\n<td valign=\"top\" width=\"96\">Stipe Kljai\u0107<\/td>\n<\/tr>\n<tr>\n<td valign=\"top\" width=\"173\">Hrvatska u kontekstu kultruno-politi\u010dkih utjecaja Rusije na Balkanu<\/td>\n<td valign=\"top\" width=\"61\">Zdravka Zlodi<\/td>\n<td valign=\"top\" width=\"96\">\u2013<\/td>\n<\/tr>\n<tr>\n<td valign=\"top\" width=\"173\">Digitalizacija Dnevnika i Stenografskih zapisnika Hrvatskog sabora<\/td>\n<td valign=\"top\" width=\"61\">Gordan Ravan\u010di\u0107<\/td>\n<td valign=\"top\" width=\"96\">\u2013<\/td>\n<\/tr>\n<tr>\n<td valign=\"top\" width=\"173\">Opis Severinske \u017eupanije i Banske krajine na vojnim kartama 18. i 19. stolje\u0107a<\/td>\n<td valign=\"top\" width=\"61\">Alexander Buczynski<\/td>\n<td valign=\"top\" width=\"96\">Vedran Klau\u017eer, Juraj Bali\u0107<\/td>\n<\/tr>\n<\/tbody>\n<\/table>\n","protected":false},"excerpt":{"rendered":"<p>Temeljem odredbi Kolektivnog ugovora za znanost i visoko obrazovanje i sustava Programskog financiranja u listopadu 2019. u skladu sa Strate\u0161kim planom Hrvatskog instituta za povijest za razdoblje 2019.-2023.\u00a0 pokrenuti su interni znanstveno-istra\u017eiva\u010dki projekti (odobreni na sjednici Znanstvenog vije\u0107a 23. srpnja 2019.) Naziv projekta Voditelj\/ica projekta Suradnici na projektu Problematske teme i gradivo za dru\u0161tvenu i [&hellip;]<\/p>\n","protected":false},"author":2,"featured_media":0,"comment_status":"open","ping_status":"open","sticky":false,"template":"","format":"standard","meta":{"iawp_total_views":21,"footnotes":""},"categories":[249],"tags":[],"class_list":["post-5527","post","type-post","status-publish","format-standard","hentry","category-uncategorized-2"],"_links":{"self":[{"href":"https:\/\/www.hipzg.hr\/en\/wp-json\/wp\/v2\/posts\/5527","targetHints":{"allow":["GET"]}}],"collection":[{"href":"https:\/\/www.hipzg.hr\/en\/wp-json\/wp\/v2\/posts"}],"about":[{"href":"https:\/\/www.hipzg.hr\/en\/wp-json\/wp\/v2\/types\/post"}],"author":[{"embeddable":true,"href":"https:\/\/www.hipzg.hr\/en\/wp-json\/wp\/v2\/users\/2"}],"replies":[{"embeddable":true,"href":"https:\/\/www.hipzg.hr\/en\/wp-json\/wp\/v2\/comments?post=5527"}],"version-history":[{"count":0,"href":"https:\/\/www.hipzg.hr\/en\/wp-json\/wp\/v2\/posts\/5527\/revisions"}],"wp:attachment":[{"href":"https:\/\/www.hipzg.hr\/en\/wp-json\/wp\/v2\/media?parent=5527"}],"wp:term":[{"taxonomy":"category","embeddable":true,"href":"https:\/\/www.hipzg.hr\/en\/wp-json\/wp\/v2\/categories?post=5527"},{"taxonomy":"post_tag","embeddable":true,"href":"https:\/\/www.hipzg.hr\/en\/wp-json\/wp\/v2\/tags?post=5527"}],"curies":[{"name":"wp","href":"https:\/\/api.w.org\/{rel}","templated":true}]}}