{"id":5189,"date":"2020-11-23T15:11:39","date_gmt":"2020-11-23T14:11:39","guid":{"rendered":"http:\/\/isphr.local\/?p=5189"},"modified":"2020-11-23T15:11:39","modified_gmt":"2020-11-23T14:11:39","slug":"predstavljanje-knjige-dr-sc-zdenko-radelic-obavjestajni-centri-ozna-i-udba-u-hrvatskoj-1942-1954","status":"publish","type":"post","link":"https:\/\/www.hipzg.hr\/en\/predstavljanje-knjige-dr-sc-zdenko-radelic-obavjestajni-centri-ozna-i-udba-u-hrvatskoj-1942-1954\/","title":{"rendered":"Predstavljanje knjige dr. sc. Zdenko Radeli\u0107, Obavje\u0161tajni centri, Ozna i Udba u Hrvatskoj (1942. \u2013 1954.)"},"content":{"rendered":"<p><!--:hr--><img fetchpriority=\"high\" decoding=\"async\" class=\"aligncenter size-full wp-image-4547\" alt=\"udba1\" src=\"https:\/\/www.hipzg.hr\/wp-content\/uploads\/udba11.jpg\" width=\"225\" height=\"321\" \/><\/p>\n<p style=\"text-align: center;\">U ovim neobi\u010dnim epidemijskim uvjetima Hrvatski institut za povijest poziva Vas na online predstavljanje knjige<\/p>\n<h2 style=\"text-align: center;\">dr. sc. Zdenka Radeli\u0107a<\/h2>\n<h1 style=\"text-align: center;\">Obavje\u0161tajni centri, Ozna i Udba u Hrvatskoj (1942. \u2013 1954.)<\/h1>\n<h3 style=\"text-align: center;\">O knjizi \u0107e govoriti<\/h3>\n<h2 style=\"text-align: center;\">dr. sc. Vladimir Geiger<\/h2>\n<h2 style=\"text-align: center;\">dr. sc. Nikica Bari\u0107<\/h2>\n<h2 style=\"text-align: center;\">i sam autor, dr. sc. Zdenko Radeli\u0107<\/h2>\n<p>Predstavljanje i online prijenos po\u010dinje u utorak 24. studenoga 2020. u 12:00, a snimku \u0107ete mo\u0107i kasnije prona\u0107i i na YouTube kanalu Hrvatskog instituta za povijest<\/p>\n<p style=\"text-align: left;\">Predstavljanje \u0107e biti mogu\u0107e pratiti putem platforme ZOOM na sljede\u0107oj poveznici:<\/p>\n<p style=\"text-align: left;\">HIP Zagreb is inviting you to a scheduled Zoom meeting.<\/p>\n<p>Topic: Predstavljanje knjige dr. sc. Zdenko Radeli\u0107, Obavje\u0161tajni centri, Ozna i Udba u Hrvatskoj (1942. \u2013 1954.)<br \/>\nTime: Nov 24, 2020 12:00 PM Europe\/Zagreb<\/p>\n<p>Join Zoom Meeting<br \/>\n<a href=\"https:\/\/us02web.zoom.us\/j\/84040946258\" target=\"_blank\" rel=\"noopener\">https:\/\/us02web.zoom.us\/j\/84040946258<\/a><\/p>\n<p>Meeting ID: 840 4094 6258<\/p>\n<p>&nbsp;<!--:--><\/p>\n","protected":false},"excerpt":{"rendered":"<p>U ovim neobi\u010dnim epidemijskim uvjetima Hrvatski institut za povijest poziva Vas na online predstavljanje knjige dr. sc. Zdenka Radeli\u0107a Obavje\u0161tajni centri, Ozna i Udba u Hrvatskoj (1942. \u2013 1954.) O knjizi \u0107e govoriti dr. sc. Vladimir Geiger dr. sc. Nikica Bari\u0107 i sam autor, dr. sc. Zdenko Radeli\u0107 Predstavljanje i online prijenos po\u010dinje u utorak [&hellip;]<\/p>\n","protected":false},"author":5,"featured_media":0,"comment_status":"closed","ping_status":"closed","sticky":false,"template":"","format":"standard","meta":{"iawp_total_views":0,"footnotes":""},"categories":[25],"tags":[],"class_list":["post-5189","post","type-post","status-publish","format-standard","hentry","category-najave-i-dogadanja"],"_links":{"self":[{"href":"https:\/\/www.hipzg.hr\/en\/wp-json\/wp\/v2\/posts\/5189","targetHints":{"allow":["GET"]}}],"collection":[{"href":"https:\/\/www.hipzg.hr\/en\/wp-json\/wp\/v2\/posts"}],"about":[{"href":"https:\/\/www.hipzg.hr\/en\/wp-json\/wp\/v2\/types\/post"}],"author":[{"embeddable":true,"href":"https:\/\/www.hipzg.hr\/en\/wp-json\/wp\/v2\/users\/5"}],"replies":[{"embeddable":true,"href":"https:\/\/www.hipzg.hr\/en\/wp-json\/wp\/v2\/comments?post=5189"}],"version-history":[{"count":0,"href":"https:\/\/www.hipzg.hr\/en\/wp-json\/wp\/v2\/posts\/5189\/revisions"}],"wp:attachment":[{"href":"https:\/\/www.hipzg.hr\/en\/wp-json\/wp\/v2\/media?parent=5189"}],"wp:term":[{"taxonomy":"category","embeddable":true,"href":"https:\/\/www.hipzg.hr\/en\/wp-json\/wp\/v2\/categories?post=5189"},{"taxonomy":"post_tag","embeddable":true,"href":"https:\/\/www.hipzg.hr\/en\/wp-json\/wp\/v2\/tags?post=5189"}],"curies":[{"name":"wp","href":"https:\/\/api.w.org\/{rel}","templated":true}]}}