{"id":3956,"date":"2018-07-20T17:57:08","date_gmt":"2018-07-20T16:57:08","guid":{"rendered":"https:\/\/isphr.local\/?p=3956"},"modified":"2018-07-20T17:57:08","modified_gmt":"2018-07-20T16:57:08","slug":"nenad-vekaric-1955-2018","status":"publish","type":"post","link":"https:\/\/www.hipzg.hr\/en\/nenad-vekaric-1955-2018\/","title":{"rendered":"Nenad Vekari\u0107 1955.-2018."},"content":{"rendered":"<p><!--:hr-->Preminuo akademik Nenad Vekari\u0107<\/p>\n<p>&nbsp;<\/p>\n<p>Nakon borbe s te\u0161kom bolesti, dana 20. srpnja 2018. u Zagrebu je, u 62. godini \u017eivota, preminuo akademik Nenad Vekari\u0107, dugogodi\u0161nji upravitelj Zavoda za povijesne znanosti HAZU u Dubrovniku, dragi kolega i prijatelj Hrvatskog instituta za povijest, kojemu je tijekom \u010detiri godine, od 2012. do 2016. bio i \u010dlan Upravnog vije\u0107a.<\/p>\n<p>Autor je vi\u0161e desetaka znanstvenih \u010dlanaka te 20 autorskih knjiga, me\u0111u kojima se osobito isti\u010de vi\u0161esve\u0161\u010dano djelo &#8220;Vlastela grada Dubrovnika&#8221;. Pod njegovom uredni\u010dkom rukom sna\u017eno su se afirmirali i \u010dasopisi dubrova\u010dkog Zavoda HAZU\u00a0 &#8211; <i>Anali<\/i> i <i>Dubrovnik Annals<\/i>, postaju\u0107i prepoznatljivi daleko izvan hrvatskih granica. Akademik Vekari\u0107 dao je nemjerljiv doprinos istra\u017eivanju povijesti stanovni\u0161tva, uvode\u0107i nove metode i sna\u017eno afirmiraju\u0107i podru\u010dje povijesne demografije. Oblikovao je i doktorski studij Povijest stanovni\u0161tva na Sveu\u010dili\u0161tu u Dubrovniku, koji je kroz godine svoga postojanja iznjedrio vrsne disertacije i dao \u010dvrste znanstvene temelje polaznicima.\u00a0 Akademik Vekari\u0107 osobito se zalo\u017eio da se na dubrova\u010dkom sveu\u010dili\u0161tu 2016. godine otvori i dodiplomski studij Povijest Jadrana i Mediterana.<\/p>\n<p>Rado je poticao i me\u0111uinstitucionalnu suradnju, zala\u017eu\u0107i se u tom polju za timski rad, \u0161to je i ostvareno u projektima URBES pri Hrvatskom institutu za povijest i COLINDA pri Zavodu HAZU u Dubrovniku, u kojima sudjeluju istra\u017eiva\u010di s obje znanstvene institucije. Znatan broj medievista s Hrvatskog instituta za povijest postali su i ostali zaljubljenici u hrvatsko srednjovjekovlje upravo zahvaljuju\u0107i Dubrova\u010dkoj medievisti\u010dkoj radionici, programa kojeg su tijekom 90-ih godina 20. stolje\u0107a vodile Zdenka Janekovi\u0107 R\u00f6mer i Nella Lonza, a kojeg je i on od prvih dana sna\u017eno podupirao.<\/p>\n<p>Bio je izuzetan mentor i suradnik, otvoren u komunikaciji, uvijek pun podr\u0161ke za kolege, posebice za one na po\u010decima profesionalnog puta, hrabre\u0107i ih i poma\u017eu\u0107i im, poti\u010du\u0107i arhivska istra\u017eivanja, kriti\u010dko promi\u0161ljanje, znanstveno po\u0161tenje i predanost radu.<\/p>\n<p>&nbsp;<\/p>\n<p>Suradnici i kolege s Hrvatskog instituta za povijest zauvijek \u0107e ga se rado sje\u0107ati.<\/p>\n<p>dr. sc. Zrinka Pe\u0161orda Vardi\u0107<!--:--><\/p>\n","protected":false},"excerpt":{"rendered":"<p>Preminuo akademik Nenad Vekari\u0107 &nbsp; Nakon borbe s te\u0161kom bolesti, dana 20. srpnja 2018. u Zagrebu je, u 62. godini \u017eivota, preminuo akademik Nenad Vekari\u0107, dugogodi\u0161nji upravitelj Zavoda za povijesne znanosti HAZU u Dubrovniku, dragi kolega i prijatelj Hrvatskog instituta za povijest, kojemu je tijekom \u010detiri godine, od 2012. do 2016. bio i \u010dlan Upravnog [&hellip;]<\/p>\n","protected":false},"author":5,"featured_media":0,"comment_status":"closed","ping_status":"closed","sticky":false,"template":"","format":"standard","meta":{"iawp_total_views":0,"footnotes":""},"categories":[25],"tags":[],"class_list":["post-3956","post","type-post","status-publish","format-standard","hentry","category-najave-i-dogadanja"],"_links":{"self":[{"href":"https:\/\/www.hipzg.hr\/en\/wp-json\/wp\/v2\/posts\/3956","targetHints":{"allow":["GET"]}}],"collection":[{"href":"https:\/\/www.hipzg.hr\/en\/wp-json\/wp\/v2\/posts"}],"about":[{"href":"https:\/\/www.hipzg.hr\/en\/wp-json\/wp\/v2\/types\/post"}],"author":[{"embeddable":true,"href":"https:\/\/www.hipzg.hr\/en\/wp-json\/wp\/v2\/users\/5"}],"replies":[{"embeddable":true,"href":"https:\/\/www.hipzg.hr\/en\/wp-json\/wp\/v2\/comments?post=3956"}],"version-history":[{"count":0,"href":"https:\/\/www.hipzg.hr\/en\/wp-json\/wp\/v2\/posts\/3956\/revisions"}],"wp:attachment":[{"href":"https:\/\/www.hipzg.hr\/en\/wp-json\/wp\/v2\/media?parent=3956"}],"wp:term":[{"taxonomy":"category","embeddable":true,"href":"https:\/\/www.hipzg.hr\/en\/wp-json\/wp\/v2\/categories?post=3956"},{"taxonomy":"post_tag","embeddable":true,"href":"https:\/\/www.hipzg.hr\/en\/wp-json\/wp\/v2\/tags?post=3956"}],"curies":[{"name":"wp","href":"https:\/\/api.w.org\/{rel}","templated":true}]}}