{"id":3927,"date":"2018-06-04T08:07:32","date_gmt":"2018-06-04T07:07:32","guid":{"rendered":"http:\/\/isphr.local\/?p=3927"},"modified":"2018-06-04T08:07:32","modified_gmt":"2018-06-04T07:07:32","slug":"predstavljanje-knjige-komunizam-u-slici-2","status":"publish","type":"post","link":"https:\/\/www.hipzg.hr\/en\/predstavljanje-knjige-komunizam-u-slici-2\/","title":{"rendered":"Predstavljanje knjige &#8220;Komunizam u slici&#8221;"},"content":{"rendered":"<p><!--:hr--><\/p>\n<p style=\"text-align: center;\">Hrvatski institut za povijest<br \/>\nima \u010dast pozvati Vas na predstavljanje monografije<\/p>\n<p style=\"text-align: center;\">KOMUNIZAM U SLICI.<br \/>\nDru\u0161tveni i politi\u010dki \u017eivot Jugoslavije<br \/>\nu karikaturama Vjesnika i Borbe (1945. \u2013 1962.)<\/p>\n<p style=\"text-align: center;\">autorice:<br \/>\ndr. sc. Lidije Benceti\u0107<\/p>\n<p style=\"text-align: center;\">Knjigu \u0107e predstaviti:<br \/>\ndr. sc. Jasna Turkalj<br \/>\ndr. sc. Zdenko Radeli\u0107<br \/>\nprof. dr. sc. Frano Dulibi\u0107<\/p>\n<p style=\"text-align: center;\">Predstavljanje \u0107e se odr\u017eati u \u010detvrtak 7. lipnja 2018. u 19h u<br \/>\n\u201cZlatnoj dvorani\u201d Hrvatskoga instituta za povijest, Zagreb,<br \/>\nOpati\u010dka 10.<\/p>\n<p style=\"text-align: center;\"><img fetchpriority=\"high\" decoding=\"async\" class=\"alignnone  wp-image-3928 aligncenter\" alt=\"Pozivnica_Bencetic_Komunizam u slici_01\" src=\"https:\/\/www.hipzg.hr\/wp-content\/uploads\/Pozivnica_Bencetic_Komunizam-u-slici_01.jpg\" width=\"639\" height=\"333\" \/><\/p>\n<p><!--:--><!--:en--><img decoding=\"async\" class=\"size-full wp-image-3928 aligncenter\" alt=\"Pozivnica_Bencetic_Komunizam u slici_01\" src=\"https:\/\/www.hipzg.hr\/wp-content\/uploads\/Pozivnica_Bencetic_Komunizam-u-slici_01.jpg\" width=\"775\" height=\"405\" \/><!--:--><\/p>\n","protected":false},"excerpt":{"rendered":"<p>Hrvatski institut za povijest ima \u010dast pozvati Vas na predstavljanje monografije KOMUNIZAM U SLICI. Dru\u0161tveni i politi\u010dki \u017eivot Jugoslavije u karikaturama Vjesnika i Borbe (1945. \u2013 1962.) autorice: dr. sc. Lidije Benceti\u0107 Knjigu \u0107e predstaviti: dr. sc. Jasna Turkalj dr. sc. Zdenko Radeli\u0107 prof. dr. sc. Frano Dulibi\u0107 Predstavljanje \u0107e se odr\u017eati u \u010detvrtak 7. [&hellip;]<\/p>\n","protected":false},"author":5,"featured_media":0,"comment_status":"closed","ping_status":"closed","sticky":false,"template":"","format":"standard","meta":{"iawp_total_views":0,"footnotes":""},"categories":[25],"tags":[],"class_list":["post-3927","post","type-post","status-publish","format-standard","hentry","category-najave-i-dogadanja"],"_links":{"self":[{"href":"https:\/\/www.hipzg.hr\/en\/wp-json\/wp\/v2\/posts\/3927","targetHints":{"allow":["GET"]}}],"collection":[{"href":"https:\/\/www.hipzg.hr\/en\/wp-json\/wp\/v2\/posts"}],"about":[{"href":"https:\/\/www.hipzg.hr\/en\/wp-json\/wp\/v2\/types\/post"}],"author":[{"embeddable":true,"href":"https:\/\/www.hipzg.hr\/en\/wp-json\/wp\/v2\/users\/5"}],"replies":[{"embeddable":true,"href":"https:\/\/www.hipzg.hr\/en\/wp-json\/wp\/v2\/comments?post=3927"}],"version-history":[{"count":0,"href":"https:\/\/www.hipzg.hr\/en\/wp-json\/wp\/v2\/posts\/3927\/revisions"}],"wp:attachment":[{"href":"https:\/\/www.hipzg.hr\/en\/wp-json\/wp\/v2\/media?parent=3927"}],"wp:term":[{"taxonomy":"category","embeddable":true,"href":"https:\/\/www.hipzg.hr\/en\/wp-json\/wp\/v2\/categories?post=3927"},{"taxonomy":"post_tag","embeddable":true,"href":"https:\/\/www.hipzg.hr\/en\/wp-json\/wp\/v2\/tags?post=3927"}],"curies":[{"name":"wp","href":"https:\/\/api.w.org\/{rel}","templated":true}]}}