{"id":3560,"date":"2017-01-27T12:35:18","date_gmt":"2017-01-27T11:35:18","guid":{"rendered":"http:\/\/isphr.local\/?p=3560"},"modified":"2017-01-27T12:35:18","modified_gmt":"2017-01-27T11:35:18","slug":"noc-muzeja-i-hip-27-sijecnja-2017","status":"publish","type":"post","link":"https:\/\/www.hipzg.hr\/en\/noc-muzeja-i-hip-27-sijecnja-2017\/","title":{"rendered":"No\u0107 muzeja i HIP &#8211; 27. sije\u010dnja 2017."},"content":{"rendered":"<p><!--:hr--><\/p>\n<div>Ove godine na &#8220;mala vrata&#8221; uklju\u010dili smo se u nacionalnu akciju &#8220;No\u0107 muzeja&#8221;. Stoga ve\u010deras od 18 sati sve do 1 sat ujutro mo\u017eete posjetiti sljede\u0107e izlo\u017ebe kojima je na\u0161 Institut (su)organizator:<\/div>\n<ul>\n<li><a href=\"https:\/\/drive.google.com\/file\/d\/0B_bWxmNiMYR7Wm56cHNKaEVXeWc\/view?usp=sharing\" target=\"_blank\" rel=\"noopener\"><img fetchpriority=\"high\" decoding=\"async\" class=\" wp-image-3561 alignright\" alt=\"Screenshot from 2017-01-27 12:20:43\" src=\"https:\/\/www.hipzg.hr\/wp-content\/uploads\/Screenshot-from-2017-01-27-122043.png\" width=\"167\" height=\"314\" \/><\/a>u Muzeju Valpov\u0161tine u Valpovu je izlo\u017eba &#8220;Povijest \u0161kolstva u Valpov\u0161tini u dugom 19. stolje\u0107u&#8221;, kojoj je autor Dinko \u017dupan, a ra\u0111ena je i u sklopu projekta &#8220;Od protomodernizacije do modernizacije \u0161kolstva u Hrvatskoj&#8221; \u00a0&#8211;\u00a0<a href=\"http:\/\/nocmuzeja.hr\/popis-muzeja\/muzej-valpovstine\/\">http:\/\/nocmuzeja.hr\/popis-muzeja\/muzej-valpovstine\/<\/a><\/li>\n<li>u Glini Dru\u0161tvo Terra banalis organizira No\u0107 muzeja, izme\u0111u ostalog \u0107e u Knji\u017enici i \u010ditaonici Glina biti <a href=\"https:\/\/scontent-vie1-1.xx.fbcdn.net\/v\/t1.0-9\/16114305_1193031170746591_6886267799265225515_n.jpg?oh=3fd5fcb96836db6f0bd65ef12a6c024e&amp;oe=59086523\" target=\"_blank\" rel=\"noopener\"><img decoding=\"async\" class=\"alignleft\" style=\"margin: 10px 20px;\" alt=\"\" src=\"https:\/\/scontent-vie1-1.xx.fbcdn.net\/v\/t1.0-9\/16114305_1193031170746591_6886267799265225515_n.jpg?oh=3fd5fcb96836db6f0bd65ef12a6c024e&amp;oe=59086523\" width=\"165\" height=\"242\" \/><\/a>otvorena izlo\u017eba &#8220;Vojna krajina, Banska krajina i Zrinski u obrani od Osmanlija&#8221;, u kojoj je Institut partner, a kolegice Tea Shek Brnardi\u0107, Ivana Horbec te kolega Jak\u0161a Ragu\u017e su i autori pojedinih plakata &#8211;\u00a0<a href=\"http:\/\/nocmuzeja.hr\/popis-muzeja\/drustvo-terra-banalis\/\">http:\/\/nocmuzeja.hr\/popis-muzeja\/drustvo-terra-banalis\/<\/a><\/li>\n<li>u Hrvatskoj Kostajnici kolegica Ivana Horbec otvara izlo\u017ebu &#8220;Sanitarni kordon i kontumac u Kostajnici&#8221;, u 18h u Hotelu Central (organizatori su TZ Hrvatska Kostajnica, <em>Terra banalis<\/em> i Hrvatski institut za povijest) &#8211;\u00a0<a href=\"http:\/\/nocmuzeja.hr\/popis-muzeja\/tzg-hrvatska-kostajnica\/\">http:\/\/nocmuzeja.hr\/popis-muzeja\/tzg-hrvatska-kostajnica\/<\/a><\/li>\n<\/ul>\n<p>DOBRO DO\u0160LI!!!<a href=\"https:\/\/drive.google.com\/file\/d\/0B_bWxmNiMYR7SjNBc2E0ZkNhMmM\/view?usp=sharing\" target=\"_blank\" rel=\"noopener\"><img decoding=\"async\" class=\" wp-image-3562 alignright\" alt=\"Screenshot from 2017-01-27 12:23:14\" src=\"https:\/\/www.hipzg.hr\/wp-content\/uploads\/Screenshot-from-2017-01-27-122314.png\" width=\"370\" height=\"95\" \/><\/a><!--:--><!--:en--><a href=\"https:\/\/scontent-vie1-1.xx.fbcdn.net\/v\/t1.0-9\/16114305_1193031170746591_6886267799265225515_n.jpg?oh=3fd5fcb96836db6f0bd65ef12a6c024e&#038;oe=59086523\"><img loading=\"lazy\" decoding=\"async\" class=\"alignnone\" alt=\"\" src=\"https:\/\/scontent-vie1-1.xx.fbcdn.net\/v\/t1.0-9\/16114305_1193031170746591_6886267799265225515_n.jpg?oh=3fd5fcb96836db6f0bd65ef12a6c024e&#038;oe=59086523\" width=\"391\" height=\"576\" \/><\/a><\/p>\n<p><img loading=\"lazy\" decoding=\"async\" class=\"alignnone size-full wp-image-3561\" alt=\"Screenshot from 2017-01-27 12:20:43\" src=\"https:\/\/www.hipzg.hr\/wp-content\/uploads\/Screenshot-from-2017-01-27-122043.png\" width=\"348\" height=\"654\" \/> <img loading=\"lazy\" decoding=\"async\" class=\"alignnone size-full wp-image-3562\" alt=\"Screenshot from 2017-01-27 12:23:14\" src=\"https:\/\/www.hipzg.hr\/wp-content\/uploads\/Screenshot-from-2017-01-27-122314.png\" width=\"1027\" height=\"264\" \/><!--:--><\/p>\n","protected":false},"excerpt":{"rendered":"<p>Ove godine na &#8220;mala vrata&#8221; uklju\u010dili smo se u nacionalnu akciju &#8220;No\u0107 muzeja&#8221;. Stoga ve\u010deras od 18 sati sve do 1 sat ujutro mo\u017eete posjetiti sljede\u0107e izlo\u017ebe kojima je na\u0161 Institut (su)organizator: u Muzeju Valpov\u0161tine u Valpovu je izlo\u017eba &#8220;Povijest \u0161kolstva u Valpov\u0161tini u dugom 19. stolje\u0107u&#8221;, kojoj je autor Dinko \u017dupan, a ra\u0111ena je [&hellip;]<\/p>\n","protected":false},"author":5,"featured_media":0,"comment_status":"closed","ping_status":"closed","sticky":false,"template":"","format":"standard","meta":{"iawp_total_views":0,"footnotes":""},"categories":[25,27],"tags":[],"class_list":["post-3560","post","type-post","status-publish","format-standard","hentry","category-najave-i-dogadanja","category-uncategorized-hr"],"_links":{"self":[{"href":"https:\/\/www.hipzg.hr\/en\/wp-json\/wp\/v2\/posts\/3560","targetHints":{"allow":["GET"]}}],"collection":[{"href":"https:\/\/www.hipzg.hr\/en\/wp-json\/wp\/v2\/posts"}],"about":[{"href":"https:\/\/www.hipzg.hr\/en\/wp-json\/wp\/v2\/types\/post"}],"author":[{"embeddable":true,"href":"https:\/\/www.hipzg.hr\/en\/wp-json\/wp\/v2\/users\/5"}],"replies":[{"embeddable":true,"href":"https:\/\/www.hipzg.hr\/en\/wp-json\/wp\/v2\/comments?post=3560"}],"version-history":[{"count":0,"href":"https:\/\/www.hipzg.hr\/en\/wp-json\/wp\/v2\/posts\/3560\/revisions"}],"wp:attachment":[{"href":"https:\/\/www.hipzg.hr\/en\/wp-json\/wp\/v2\/media?parent=3560"}],"wp:term":[{"taxonomy":"category","embeddable":true,"href":"https:\/\/www.hipzg.hr\/en\/wp-json\/wp\/v2\/categories?post=3560"},{"taxonomy":"post_tag","embeddable":true,"href":"https:\/\/www.hipzg.hr\/en\/wp-json\/wp\/v2\/tags?post=3560"}],"curies":[{"name":"wp","href":"https:\/\/api.w.org\/{rel}","templated":true}]}}