{"id":3512,"date":"2016-11-15T09:17:52","date_gmt":"2016-11-15T08:17:52","guid":{"rendered":"http:\/\/isphr.local\/?p=3512"},"modified":"2016-11-15T09:17:52","modified_gmt":"2016-11-15T08:17:52","slug":"okrugli-stol-povodom-60-obljetnice-madarske-revolucije-1956","status":"publish","type":"post","link":"https:\/\/www.hipzg.hr\/en\/okrugli-stol-povodom-60-obljetnice-madarske-revolucije-1956\/","title":{"rendered":"Okrugli stol povodom 60. obljetnice ma\u0111arske revolucije 1956."},"content":{"rendered":"<p><!--:hr--><\/p>\n<h5><img fetchpriority=\"high\" decoding=\"async\" class=\"alignleft\" style=\"margin: 5px 10px;\" alt=\"\" src=\"http:\/\/www.newsweek.rs\/images_arhive\/large\/as_14732496303.jpg\" width=\"319\" height=\"212\" \/>Povodom 60. obljetnice ma\u0111arske revolucije i borbe za slobodu 1956. Ma\u0111arski institut u Zagrebu srda\u010dno Vas poziva na sljede\u0107e programe:<\/h5>\n<h5>Okrugli stol o ma\u0111arskoj revoluciji 1956. na kojoj \u0107e sudjelovati ma\u0111arski i hrvatski povjesni\u010dari:<\/h5>\n<h5>&#8211;\u00a0\u00a0\u00a0\u00a0\u00a0\u00a0\u00a0\u00a0\u00a0 dr. Mikl\u00f3s Mitrovics iz Budimpe\u0161te,<\/h5>\n<h5>&#8211;\u00a0\u00a0\u00a0\u00a0\u00a0\u00a0\u00a0\u00a0\u00a0 dr. Marica Karaka\u0161 Obradov iz Zagreba<\/h5>\n<h5>&#8211;\u00a0\u00a0\u00a0\u00a0\u00a0\u00a0\u00a0\u00a0\u00a0 moderator: dr. Dinko \u0160ok\u010devi\u0107, ravnatelj Ma\u0111arskog Instituta<\/h5>\n<h5>Vrijeme: 16. studenog 2016. u 13 sati<\/h5>\n<h5>Mjesto: Hrvatski institut za povijest, Opati\u010dka 10, Zagreb<\/h5>\n<p>&nbsp;<!--:--><\/p>\n","protected":false},"excerpt":{"rendered":"<p>Povodom 60. obljetnice ma\u0111arske revolucije i borbe za slobodu 1956. Ma\u0111arski institut u Zagrebu srda\u010dno Vas poziva na sljede\u0107e programe: Okrugli stol o ma\u0111arskoj revoluciji 1956. na kojoj \u0107e sudjelovati ma\u0111arski i hrvatski povjesni\u010dari: &#8211;\u00a0\u00a0\u00a0\u00a0\u00a0\u00a0\u00a0\u00a0\u00a0 dr. Mikl\u00f3s Mitrovics iz Budimpe\u0161te, &#8211;\u00a0\u00a0\u00a0\u00a0\u00a0\u00a0\u00a0\u00a0\u00a0 dr. Marica Karaka\u0161 Obradov iz Zagreba &#8211;\u00a0\u00a0\u00a0\u00a0\u00a0\u00a0\u00a0\u00a0\u00a0 moderator: dr. Dinko \u0160ok\u010devi\u0107, ravnatelj Ma\u0111arskog Instituta [&hellip;]<\/p>\n","protected":false},"author":5,"featured_media":0,"comment_status":"closed","ping_status":"closed","sticky":false,"template":"","format":"standard","meta":{"iawp_total_views":0,"footnotes":""},"categories":[25],"tags":[],"class_list":["post-3512","post","type-post","status-publish","format-standard","hentry","category-najave-i-dogadanja"],"_links":{"self":[{"href":"https:\/\/www.hipzg.hr\/en\/wp-json\/wp\/v2\/posts\/3512","targetHints":{"allow":["GET"]}}],"collection":[{"href":"https:\/\/www.hipzg.hr\/en\/wp-json\/wp\/v2\/posts"}],"about":[{"href":"https:\/\/www.hipzg.hr\/en\/wp-json\/wp\/v2\/types\/post"}],"author":[{"embeddable":true,"href":"https:\/\/www.hipzg.hr\/en\/wp-json\/wp\/v2\/users\/5"}],"replies":[{"embeddable":true,"href":"https:\/\/www.hipzg.hr\/en\/wp-json\/wp\/v2\/comments?post=3512"}],"version-history":[{"count":0,"href":"https:\/\/www.hipzg.hr\/en\/wp-json\/wp\/v2\/posts\/3512\/revisions"}],"wp:attachment":[{"href":"https:\/\/www.hipzg.hr\/en\/wp-json\/wp\/v2\/media?parent=3512"}],"wp:term":[{"taxonomy":"category","embeddable":true,"href":"https:\/\/www.hipzg.hr\/en\/wp-json\/wp\/v2\/categories?post=3512"},{"taxonomy":"post_tag","embeddable":true,"href":"https:\/\/www.hipzg.hr\/en\/wp-json\/wp\/v2\/tags?post=3512"}],"curies":[{"name":"wp","href":"https:\/\/api.w.org\/{rel}","templated":true}]}}