{"id":3222,"date":"2015-11-25T12:20:50","date_gmt":"2015-11-25T11:20:50","guid":{"rendered":"http:\/\/isphr.local\/?p=3222"},"modified":"2015-11-25T12:20:50","modified_gmt":"2015-11-25T11:20:50","slug":"znastveni-skup-1945-na-razmedi-dvaju-totalitarizama","status":"publish","type":"post","link":"https:\/\/www.hipzg.hr\/en\/znastveni-skup-1945-na-razmedi-dvaju-totalitarizama\/","title":{"rendered":"Znanstveni skup \u201c1945. \u2013 na razme\u0111i dvaju totalitarizama\u201d"},"content":{"rendered":"<p><!--:hr--><\/p>\n<h2>Jednodnevni znanstveni skup \u201c1945. \u2013 na razme\u0111i dvaju totalitarizama\u201d<\/h2>\n<h4>Zlatna dvorana Hrvatskoga instituta za povijest, Zagreb, 2. prosinca 2015.<\/h4>\n<h5 style=\"text-align: right;\"><a href=\"https:\/\/drive.google.com\/file\/d\/0B_bWxmNiMYR7TlJwbE1TTEF5TEU\/view?usp=sharing\" target=\"_blank\" rel=\"noopener\">Program i knji\u017eica sa\u017eetaka<\/a><\/h5>\n<h4><strong>9.00 \u2013 otvorenje skupa <\/strong><\/h4>\n<p><strong>9.15 \u2013 10.00 \u2013<\/strong> prvo plenarno izlaganje: prof. dr. Ivo Banac, profesor emeritus Sveu\u010dili\u0161ta Yale, Odsjek za povijest Filozofskoga fakulteta Sveu\u010dili\u0161ta u Zagrebu, Zagreb \u2013 \u201cGodina 1945. u hrvatskoj povijesti\u201d<\/p>\n<p><strong>10.00 \u2013 10.30<\/strong> \u2013 drugo plenarno izlaganje: dr. sc. Zdenko Radeli\u0107, \u201cGodina 1945. u Hrvatskoj\u201d, Hrvatski institut za povijest, Zagreb<\/p>\n<p><strong> 10.30 \u2013 10.45 \u2013 stanka <\/strong><\/p>\n<p><strong>10.45 \u2013 13.00 \u2013 izlaganja sudionika <\/strong><\/p>\n<p>&#8211; doc. dr. sc. Zlatko Begonja, Odjel za povijest Sveu\u010dili\u0161ta u Zadru, Zadar \u2013 \u201cPod okriljem revolucionarnih strasti: grad Zadar 1945. godine\u201d<\/p>\n<p>&#8211; dr. sc. Carl Bethke, Sveu\u010dili\u0161te u T\u00fcbingenu, T\u00fcbingen, Njema\u010dka \u2013 \u201c\u2018Umsiedlung\u2019, Evakuierung und Flucht von Deutschen aus Kroatien und Bosnien 1944\/45\u201d<\/p>\n<p>&#8211; dr. sc. Naida Mihal Brandl, Odjel za hungarologiju, turkologiju i judaistiku Filozofskoga fakulteta Sveu\u010dili\u0161ta u Zagrebu, Zagreb \u2013 \u201c\u017didovi u Hrvatskoj izme\u0111u dvaju totalitarizama\u201d<\/p>\n<p>&#8211; dr. sc. Sr\u0111an Cvetkovi\u0107, Institut za savremenu istoriju, Beograd, Srbija \u2013 \u201cU IME NARODA! \u2013 politi\u010dka represija u Srbiji i Jugoslaviji 1944-1953.\u201d<\/p>\n<p>&#8211; dr. sc. Zdenko \u010cepi\u010d, In\u0161titut za novej\u0161o zgodovino, Ljubljana, Slovenija \u2013 \u201c1945 \u2013 \u010das spreminjanj: dejstva v Sloveniji\u201d (\u201c1945. \u2013 vrijeme promjena : \u010dinjenice u Sloveniji\u201d)<\/p>\n<p>&#8211; Ante Deli\u0107, Odjel za izobrazbu u\u010ditelja i odgojitelja Sveu\u010dili\u0161ta u Zadru, Zadar \u2013 \u201cPosljednji dani Nezavisne Dr\u017eave Hrvatske u o\u010dekivanju sukoba Istoka i Zapada\u201d<\/p>\n<p>&#8211; dr. sc. Bojan Dimitrijevi\u0107, Institut za savremenu istoriju, Beograd, Srbija \u2013 Jugoslovenska armija prelazi u mirnodopski \u017eivot 1945.<\/p>\n<p><strong>13.00 \u2013 14.00 \u2013 stanka za objed <\/strong><\/p>\n<p><strong>14.00 \u2013 15.30 \u2013 izlaganja sudionika <\/strong><\/p>\n<p>&#8211; dr. sc. Vladimir Geiger, Hrvatski institut za povijest, Zagreb \u2013 \u201cO provo\u0111enju odluke Ministarstva unutarnjih poslova Demokratske Federativne Jugoslavije od 18. svibnja 1945. o uklanjanju grobalja i grobova \u2018okupatora\u2019 i \u2018narodnih neprijatelja\u2019 u Bosni i Hercegovini nakon Drugoga svjetskog rata\u201d<\/p>\n<p>&#8211; dr. sc. Martina Grahek Ravan\u010di\u0107, Hrvatski institut za povijest, Zagreb \u2013 \u201cDjelovanje Suda za za\u0161titu nacionalne \u010dasti Hrvata i Srba u Hrvatskoj 1945. godine\u201d<\/p>\n<p>&#8211; dr. sc. Zoran Janjetovi\u0107, Institut za noviju istoriju Srbije, Beograd, Srbija \u2013 \u201cPokret Zbor u poslednjoj fazi Drugog svetskog rata\u201d<\/p>\n<p>&#8211; dr. sc. Marica Karaka\u0161 Obradov, Hrvatski institut za povijest, Zagreb \u2013 \u201cDobrovoljne i\u00a0prisilne repatrijacije u Hrvatsku i iz Hrvatske 1945. godine\u201d<\/p>\n<p>&#8211; dr. sc. Stipe Kljaji\u0107, Hrvatski institut za povijest, Zagreb \u2013 \u201cIntelektualizacija rata \u2013 \u010detni\u010dki i partizanski pokret u kulturnom \u017eivotu Nezavisne Dr\u017eave Hrvatske (1941. \u2013 1945.)\u201d<\/p>\n<p><strong>15.40 \u2013 15.50 \u2013 stanka <\/strong><\/p>\n<p><strong>15.50 \u2013 17.20 \u2013 izlaganja sudionika <\/strong><\/p>\n<p>&#8211; dr. sc. Ivo Lu\u010di\u0107, Hrvatski institut za povijest, Zagreb \u2013 \u201cGodina 1945. u Bosni i Hercegovini\u201d<\/p>\n<p>&#8211; dr. sc. Davor Marijan, Hrvatski institut za povijest, Zagreb \u2013 \u201cAntifa\u0161izam u svjetonazoru Komunisti\u010dke partije Jugoslavije tijekom Drugoga svjetskog rata i pora\u0107a\u201d<\/p>\n<p>&#8211; prof. dr. sc. Ivica \u0160arac, Studij povijesti Sveu\u010dili\u0161ta u Mostaru, Mostar, Bosna i Hercegovina \u2013 \u201cZapadnohercegova\u010dki Hrvati i 1945. godina ili kako je po\u010deo komunizam u zapadnoj Hercegovini\u201d<\/p>\n<p>&#8211; dr. sc. Tatjana \u0160ari\u0107, Hrvatski dr\u017eavni arhiv, Zagreb \u2013 \u201cUloga omladinskih organizacija SKOJ-a i USAOH-a u strukturi nove komunisti\u010dke vladavine i njihov odnos prema mladima\u201d<\/p>\n<p>&#8211; doc. dr. sc. Ivica \u0160ute, Odsjek za povijest Filozofskoga fakulteta Sveu\u010dili\u0161ta u Zagrebu, Zagreb \u2013 \u201cSudbine ogulinskih HSS-ovaca 1945. godine\u201d<\/p>\n<p><strong>17.20 \u2013 17.30 \u2013 zaklju\u010dne rije\u010di organizatora i zatvaranje skupa<\/strong><\/p>\n<p><iframe src=\"https:\/\/drive.google.com\/file\/d\/0B_bWxmNiMYR7NHU2ZWZ2UDdRY1k\/preview\" height=\"480\" width=\"640\"><\/iframe><!--:--><\/p>\n","protected":false},"excerpt":{"rendered":"<p>Jednodnevni znanstveni skup \u201c1945. \u2013 na razme\u0111i dvaju totalitarizama\u201d Zlatna dvorana Hrvatskoga instituta za povijest, Zagreb, 2. prosinca 2015. Program i knji\u017eica sa\u017eetaka 9.00 \u2013 otvorenje skupa 9.15 \u2013 10.00 \u2013 prvo plenarno izlaganje: prof. dr. Ivo Banac, profesor emeritus Sveu\u010dili\u0161ta Yale, Odsjek za povijest Filozofskoga fakulteta Sveu\u010dili\u0161ta u Zagrebu, Zagreb \u2013 \u201cGodina 1945. u [&hellip;]<\/p>\n","protected":false},"author":5,"featured_media":0,"comment_status":"closed","ping_status":"closed","sticky":false,"template":"","format":"standard","meta":{"iawp_total_views":0,"footnotes":""},"categories":[25],"tags":[],"class_list":["post-3222","post","type-post","status-publish","format-standard","hentry","category-najave-i-dogadanja"],"_links":{"self":[{"href":"https:\/\/www.hipzg.hr\/en\/wp-json\/wp\/v2\/posts\/3222","targetHints":{"allow":["GET"]}}],"collection":[{"href":"https:\/\/www.hipzg.hr\/en\/wp-json\/wp\/v2\/posts"}],"about":[{"href":"https:\/\/www.hipzg.hr\/en\/wp-json\/wp\/v2\/types\/post"}],"author":[{"embeddable":true,"href":"https:\/\/www.hipzg.hr\/en\/wp-json\/wp\/v2\/users\/5"}],"replies":[{"embeddable":true,"href":"https:\/\/www.hipzg.hr\/en\/wp-json\/wp\/v2\/comments?post=3222"}],"version-history":[{"count":0,"href":"https:\/\/www.hipzg.hr\/en\/wp-json\/wp\/v2\/posts\/3222\/revisions"}],"wp:attachment":[{"href":"https:\/\/www.hipzg.hr\/en\/wp-json\/wp\/v2\/media?parent=3222"}],"wp:term":[{"taxonomy":"category","embeddable":true,"href":"https:\/\/www.hipzg.hr\/en\/wp-json\/wp\/v2\/categories?post=3222"},{"taxonomy":"post_tag","embeddable":true,"href":"https:\/\/www.hipzg.hr\/en\/wp-json\/wp\/v2\/tags?post=3222"}],"curies":[{"name":"wp","href":"https:\/\/api.w.org\/{rel}","templated":true}]}}