{"id":2437,"date":"2014-01-22T11:46:42","date_gmt":"2014-01-22T10:46:42","guid":{"rendered":"http:\/\/isphr.local\/?p=2437"},"modified":"2014-01-22T11:46:42","modified_gmt":"2014-01-22T10:46:42","slug":"najava-javnog-predavanja","status":"publish","type":"post","link":"https:\/\/www.hipzg.hr\/en\/najava-javnog-predavanja\/","title":{"rendered":"Najava javnog predavanja"},"content":{"rendered":"<p><!--:hr--><\/p>\n<p align=\"CENTER\">\n<p align=\"CENTER\">\n<p align=\"CENTER\">\n<p align=\"CENTER\"><tt><span style=\"color: #3a3935;\"><span style=\"font-family: Georgia, serif;\"><span style=\"font-size: xx-large;\">Hrvatski institut za povijest<\/span><\/span><\/span><\/tt><\/p>\n<p align=\"CENTER\">\n<p align=\"CENTER\"><tt><span style=\"color: #3a3935;\"><span style=\"font-family: Georgia, serif;\"><span style=\"font-size: xx-large;\">ima \u010dast pozvati Vas na javno predavanje<\/span><\/span><\/span><\/tt><\/p>\n<p align=\"CENTER\">\n<p>&nbsp;<\/p>\n<p>&nbsp;<\/p>\n<p align=\"CENTER\"><tt><span style=\"color: #3a3935;\"><span style=\"font-family: Georgia, serif;\"><span style=\"font-size: 300%;\"><b>\"Dual nationality in Hungary:<\/b><\/span><\/span><\/span><\/tt><\/p>\n<p align=\"CENTER\"><tt><span style=\"color: #3a3935;\"><span style=\"font-family: Georgia, serif;\"><span style=\"font-size: 300%;\"><b>Slavs, Germans in the 1848 Revolution\"<\/b><\/span><\/span><\/span><\/tt><span style=\"font-family: Georgia, serif;\"><span style=\"font-size: 300%;\"><br \/>\n<\/span><\/span><span style=\"font-family: Georgia, serif;\"><span style=\"font-size: xx-large;\">&#8220;Dvojna nacionalnost u Ugarskoj:<\/span><\/span><\/p>\n<p align=\"CENTER\"><span style=\"font-family: Georgia, serif;\"><span style=\"font-size: xx-large;\">Slaveni i Nijemci u revoluciji 1848.&#8221;<\/span><\/span><\/p>\n<p align=\"CENTER\">\n<p align=\"CENTER\"><span style=\"font-family: Georgia, serif;\"><span style=\"font-size: xx-large;\">koje \u0107e odr\u017eati<\/span><\/span><\/p>\n<p align=\"CENTER\"><tt><span style=\"color: #3a3935;\"><span style=\"font-family: Georgia, serif;\"><span style=\"font-size: x-large;\"><b>Dr. Alexander Maxwell<\/b><\/span><\/span><\/span><\/tt><\/p>\n<p>&nbsp;<\/p>\n<p align=\"CENTER\"><span style=\"font-family: Georgia, serif;\"><span style=\"font-size: xx-large;\">u srijedu 29. sije\u010dnja 2014.<\/span><\/span><\/p>\n<p align=\"CENTER\"><span style=\"font-family: Georgia, serif;\"><span style=\"font-size: xx-large;\">u 12:00 sati u<\/span><\/span><\/p>\n<p align=\"CENTER\"><span style=\"font-family: Georgia, serif;\"><span style=\"font-size: xx-large;\">Zlatnoj dvorani Hrvatskog instituta za povijest<\/span><\/span><\/p>\n<p align=\"CENTER\">\n<p align=\"JUSTIFY\"><span style=\"color: #000000;\"><span style=\"font-family: Georgia, serif;\"><span style=\"font-size: x-large;\"><span style=\"text-decoration: underline;\">Abstract<\/span><\/span><\/span><\/span><span style=\"font-family: Georgia, serif;\"><span style=\"font-size: x-large;\"><br \/>\n<\/span><\/span><tt><span style=\"color: #3a3935;\"><span style=\"font-family: Georgia, serif;\"><span style=\"font-size: x-large;\">The Kingdom of Hungary contained several ethno-national communities. During the rise of nationalism in the Hungarian Reform era, 1825-1848, ethnic Hungarians or Magyars sought to assimilate speakers of other national groups. Non-Magyar Hungarians responded by promoting their own vision of multi-ethnic Hungary. This talk examines Slovak and German patriots who expressed Hungarian loyalties, culminating in Hungaro-German loyalism during the 1848 Revolution.<\/span><\/span><\/span><\/tt><\/p>\n<p>&nbsp;<\/p>\n<p>&nbsp;<\/p>\n<p><tt><span style=\"color: #3a3935;\"><span style=\"font-family: Georgia, serif;\"><span style=\"font-size: x-large;\"><span style=\"text-decoration: underline;\">Sa\u017eetak<\/span><\/span><\/span><\/span><\/tt><\/p>\n<p align=\"JUSTIFY\"><tt><span style=\"color: #3a3935;\"><span style=\"font-family: Georgia, serif;\"><span style=\"font-size: x-large;\">Kraljevstvo Ugarske sastojalo se od nekoliko etno-nacionalnih zajednica. Tijekom nacionalnih bu\u0111enja u razdoblju ugarskog preporoda (1825.-1848.) etni\u010dki Ugri, tj. Ma\u0111ari, poku\u0161avaju asimilirati pripadnike drugih nacionalnih skupina. Ne-ma\u0111arski podanici ugarske krune odgovorili su propagandom vlastite vizije multi-etni\u010dke Ugarske. U ovom predavanju biti \u0107e rije\u010di o slova\u010dkim i njema\u010dkim patriotima koji su ostali lojalni ugarskoj ideji, \u0161to \u0107e kulminirati tzv. ugarsko-njema\u010dkim lojalizmom tijekom revolucije 1848.<\/span><\/span><\/span><\/tt><\/p>\n<p>&nbsp;<\/p>\n<p>&nbsp;<\/p>\n<p align=\"CENTER\"><tt><span style=\"color: #3a3935;\"><span style=\"font-family: Georgia, serif;\"><span style=\"font-size: large;\">Dr. Alexander Maxwell predava\u010d je na <\/span><\/span><\/span><\/tt><tt><span style=\"color: #333333;\"><span style=\"font-family: Georgia, serif;\"><span style=\"font-size: large;\">S<\/span><\/span><\/span><\/tt><tt><span style=\"color: #333333;\"><span style=\"font-family: Georgia, serif;\"><span style=\"font-size: large;\"><i>chool of History, Philosophy, Political Science &amp; International Relations<\/i><\/span><\/span><\/span><\/tt><tt><span style=\"color: #333333;\"><span style=\"font-family: Georgia, serif;\"><span style=\"font-size: large;\"> Sveu\u010dili\u0161ta Victoria u Wllingtonu (Novi Zeland)<\/span><\/span><\/span><\/tt><\/p>\n<p>&nbsp;<\/p>\n<p>&nbsp;<\/p>\n<p align=\"CENTER\"><tt><span style=\"color: #333333;\"><span style=\"font-family: Georgia, serif;\"><span style=\"font-size: large;\"><b>Predavanje \u0107e biti na engleskom jeziku i mo\u0107i \u0107e ga se u\u017eivo pratiti putem Interneta na<\/b><\/span><\/span><\/span><\/tt><tt><a href=\"https:\/\/www.hipzg.hr\/javna-predavanja\" target=\"_top\" rel=\"noopener\"><span style=\"color: #000000;\"><span style=\"font-family: Georgia, serif;\"><span style=\"font-size: large;\"><b>www.isp.hr\/javna-predavanja<\/b><\/span><\/span><\/span><\/a><\/tt><\/p>\n<p align=\"CENTER\">\n<p align=\"CENTER\">\n<p><!--:--><!--:en--><\/p>\n<p align=\"CENTER\">\n<p align=\"CENTER\">\n<p align=\"CENTER\">\n<p align=\"CENTER\"><tt><span style=\"color: #3a3935;\"><span style=\"font-family: Georgia, serif;\"><span style=\"font-size: xx-large;\">Hrvatski institut za povijest<\/span><\/span><\/span><\/tt><\/p>\n<p align=\"CENTER\">\n<p align=\"CENTER\"><tt><span style=\"color: #3a3935;\"><span style=\"font-family: Georgia, serif;\"><span style=\"font-size: xx-large;\">invites to the public lecture<\/span><\/span><\/span><\/tt><\/p>\n<p align=\"CENTER\">\n<p>&nbsp;<\/p>\n<p>&nbsp;<\/p>\n<p align=\"CENTER\"><tt><span style=\"color: #3a3935;\"><span style=\"font-family: Georgia, serif;\"><span style=\"font-size: 300%;\"><b>\"Dual nationality in Hungary:<\/b><\/span><\/span><\/span><\/tt><\/p>\n<p align=\"CENTER\"><tt><span style=\"color: #3a3935;\"><span style=\"font-family: Georgia, serif;\"><span style=\"font-size: 300%;\"><b>Slavs, Germans in the 1848 Revolution\"<\/b><\/span><\/span><\/span><\/tt><span style=\"font-family: Georgia, serif;\"><span style=\"font-size: 300%;\"><br \/>\n<\/span><\/span><span style=\"font-family: Georgia, serif;\"><span style=\"font-size: xx-large;\">&#8220;Dvojna nacionalnost u Ugarskoj:<\/span><\/span><\/p>\n<p align=\"CENTER\"><span style=\"font-family: Georgia, serif;\"><span style=\"font-size: xx-large;\">Slaveni i Nijemci u revoluciji 1848.&#8221;<\/span><\/span><\/p>\n<p align=\"CENTER\">\n<p align=\"CENTER\"><span style=\"font-family: Georgia, serif;\"><span style=\"font-size: xx-large;\">speaker<\/span><\/span><\/p>\n<p align=\"CENTER\"><tt><span style=\"color: #3a3935;\"><span style=\"font-family: Georgia, serif;\"><span style=\"font-size: x-large;\"><b>Dr. Alexander Maxwell<\/b><\/span><\/span><\/span><\/tt><\/p>\n<p>&nbsp;<\/p>\n<p align=\"CENTER\"><span style=\"font-family: Georgia, serif;\"><span style=\"font-size: xx-large;\">Wednesday 29. Jan 2014.<\/span><\/span><\/p>\n<p align=\"CENTER\"><span style=\"font-family: Georgia, serif;\"><span style=\"font-size: xx-large;\">12:00 PM<\/span><\/span><\/p>\n<p align=\"CENTER\"><span style=\"font-family: Georgia, serif;\"><span style=\"font-size: xx-large;\">Zlatna dvorana Hrvatskog instituta za povijest<\/span><\/span><\/p>\n<p align=\"CENTER\">\n<p align=\"JUSTIFY\"><span style=\"color: #000000;\"><span style=\"font-family: Georgia, serif;\"><span style=\"font-size: x-large;\"><span style=\"text-decoration: underline;\">Abstract<\/span><\/span><\/span><\/span><span style=\"font-family: Georgia, serif;\"><span style=\"font-size: x-large;\"><br \/>\n<\/span><\/span><tt><span style=\"color: #3a3935;\"><span style=\"font-family: Georgia, serif;\"><span style=\"font-size: x-large;\">The Kingdom of Hungary contained several ethno-national communities. During the rise of nationalism in the Hungarian Reform era, 1825-1848, ethnic Hungarians or Magyars sought to assimilate speakers of other national groups. Non-Magyar Hungarians responded by promoting their own vision of multi-ethnic Hungary. This talk examines Slovak and German patriots who expressed Hungarian loyalties, culminating in Hungaro-German loyalism during the 1848 Revolution.<\/span><\/span><\/span><\/tt><\/p>\n<p>&nbsp;<\/p>\n<p>&nbsp;<\/p>\n<p><tt><span style=\"color: #3a3935;\"><span style=\"font-family: Georgia, serif;\"><span style=\"font-size: x-large;\"><span style=\"text-decoration: underline;\">Sa\u017eetak<\/span><\/span><\/span><\/span><\/tt><\/p>\n<p align=\"JUSTIFY\"><tt><span style=\"color: #3a3935;\"><span style=\"font-family: Georgia, serif;\"><span style=\"font-size: x-large;\">Kraljevstvo Ugarske sastojalo se od nekoliko etno-nacionalnih zajednica. Tijekom nacionalnih bu\u0111enja u razdoblju ugarskog preporoda (1825.-1848.) etni\u010dki Ugri, tj. Ma\u0111ari, poku\u0161avaju asimilirati pripadnike drugih nacionalnih skupina. Ne-ma\u0111arski podanici ugarske krune odgovorili su propagandom vlastite vizije multi-etni\u010dke Ugarske. U ovom predavanju biti \u0107e rije\u010di o slova\u010dkim i njema\u010dkim patriotima koji su ostali lojalni ugarskoj ideji, \u0161to \u0107e kulminirati tzv. ugarsko-njema\u010dkim lojalizmom tijekom revolucije 1848.<\/span><\/span><\/span><\/tt><\/p>\n<p>&nbsp;<\/p>\n<p>&nbsp;<\/p>\n<p align=\"CENTER\"><tt><span style=\"color: #3a3935;\"><span style=\"font-family: Georgia, serif;\"><span style=\"font-size: large;\">Dr. Alexander Maxwell predava\u010d je na <\/span><\/span><\/span><\/tt><tt><span style=\"color: #333333;\"><span style=\"font-family: Georgia, serif;\"><span style=\"font-size: large;\">S<\/span><\/span><\/span><\/tt><tt><span style=\"color: #333333;\"><span style=\"font-family: Georgia, serif;\"><span style=\"font-size: large;\"><i>chool of History, Philosophy, Political Science &amp; International Relations<\/i><\/span><\/span><\/span><\/tt><tt><span style=\"color: #333333;\"><span style=\"font-family: Georgia, serif;\"><span style=\"font-size: large;\"> Sveu\u010dili\u0161ta Victoria u Wllingtonu (Novi Zeland)<\/span><\/span><\/span><\/tt><\/p>\n<p>&nbsp;<\/p>\n<p>&nbsp;<\/p>\n<p align=\"CENTER\"><tt><span style=\"color: #333333;\"><span style=\"font-family: Georgia, serif;\"><span style=\"font-size: large;\"><b>Predavanje \u0107e biti na engleskom jeziku i mo\u0107i \u0107e ga se u\u017eivo pratiti putem Interneta na<\/b><\/span><\/span><\/span><\/tt><tt><a href=\"https:\/\/www.hipzg.hr\/javna-predavanja\" target=\"_top\" rel=\"noopener\"><span style=\"color: #000000;\"><span style=\"font-family: Georgia, serif;\"><span style=\"font-size: large;\"><b>www.isp.hr\/javna-predavanja<\/b><\/span><\/span><\/span><\/a><\/tt><\/p>\n<p align=\"CENTER\">\n<p align=\"CENTER\">\n<p><!--:--><\/p>\n","protected":false},"excerpt":{"rendered":"<p>Hrvatski institut za povijest ima \u010dast pozvati Vas na javno predavanje &nbsp; &nbsp; &#8220;Dual nationality in Hungary: Slavs, Germans in the 1848 Revolution&#8221; &#8220;Dvojna nacionalnost u Ugarskoj: Slaveni i Nijemci u revoluciji 1848.&#8221; koje \u0107e odr\u017eati Dr. Alexander Maxwell &nbsp; u srijedu 29. sije\u010dnja 2014. u 12:00 sati u Zlatnoj dvorani Hrvatskog instituta za povijest [&hellip;]<\/p>\n","protected":false},"author":5,"featured_media":0,"comment_status":"closed","ping_status":"closed","sticky":false,"template":"","format":"standard","meta":{"iawp_total_views":0,"footnotes":""},"categories":[25,27],"tags":[],"class_list":["post-2437","post","type-post","status-publish","format-standard","hentry","category-najave-i-dogadanja","category-uncategorized-hr"],"_links":{"self":[{"href":"https:\/\/www.hipzg.hr\/en\/wp-json\/wp\/v2\/posts\/2437","targetHints":{"allow":["GET"]}}],"collection":[{"href":"https:\/\/www.hipzg.hr\/en\/wp-json\/wp\/v2\/posts"}],"about":[{"href":"https:\/\/www.hipzg.hr\/en\/wp-json\/wp\/v2\/types\/post"}],"author":[{"embeddable":true,"href":"https:\/\/www.hipzg.hr\/en\/wp-json\/wp\/v2\/users\/5"}],"replies":[{"embeddable":true,"href":"https:\/\/www.hipzg.hr\/en\/wp-json\/wp\/v2\/comments?post=2437"}],"version-history":[{"count":0,"href":"https:\/\/www.hipzg.hr\/en\/wp-json\/wp\/v2\/posts\/2437\/revisions"}],"wp:attachment":[{"href":"https:\/\/www.hipzg.hr\/en\/wp-json\/wp\/v2\/media?parent=2437"}],"wp:term":[{"taxonomy":"category","embeddable":true,"href":"https:\/\/www.hipzg.hr\/en\/wp-json\/wp\/v2\/categories?post=2437"},{"taxonomy":"post_tag","embeddable":true,"href":"https:\/\/www.hipzg.hr\/en\/wp-json\/wp\/v2\/tags?post=2437"}],"curies":[{"name":"wp","href":"https:\/\/api.w.org\/{rel}","templated":true}]}}