{"id":2433,"date":"2013-12-18T09:33:20","date_gmt":"2013-12-18T08:33:20","guid":{"rendered":"http:\/\/isphr.local\/?p=2433"},"modified":"2013-12-18T09:33:20","modified_gmt":"2013-12-18T08:33:20","slug":"predstavljanje-monografije-obrana-i-pad-vukovara","status":"publish","type":"post","link":"https:\/\/www.hipzg.hr\/en\/predstavljanje-monografije-obrana-i-pad-vukovara\/","title":{"rendered":"Predstavljanje monografije Obrana i pad Vukovara"},"content":{"rendered":"<p><!--:hr--><\/p>\n<p style=\"text-align: center;\"><img fetchpriority=\"high\" decoding=\"async\" class=\" wp-image-2434 aligncenter\" alt=\"Screenshot-7\" src=\"https:\/\/www.hipzg.hr\/wp-content\/uploads\/Screenshot-7.png\" width=\"620\" height=\"287\" \/><\/p>\n<p style=\"text-align: center;\">HRVATSKI INSTITUT ZA POVIJEST, ZAGREB<br \/>\nIma \u010dast i zadovoljstvo pozvati Vas na predstavljanje<\/p>\n<p style=\"text-align: center;\">Znanstvene monografije<br \/>\nOBRANA I PAD VUKOVARA<br \/>\ndr. sc. Davora Marijana<\/p>\n<p style=\"text-align: center;\">O knjizi \u0107e govoriti:<br \/>\ndr. sc. Zdenko Radeli\u0107<br \/>\ndoc. dr. sc. Ivica Mi\u0161kulin<\/p>\n<p style=\"text-align: center;\">Predstavljanje \u0107e se odr\u017eati u \u010detvrtak 19. prosinca 2013. u 19:00 sati<br \/>\nu \u201eZlatnoj dvorani\u201c Hrvatskog instituta za povijest, Zagreb, Opati\u010dka 10<\/p>\n<p><!--:--><\/p>\n","protected":false},"excerpt":{"rendered":"<p>HRVATSKI INSTITUT ZA POVIJEST, ZAGREB Ima \u010dast i zadovoljstvo pozvati Vas na predstavljanje Znanstvene monografije OBRANA I PAD VUKOVARA dr. sc. Davora Marijana O knjizi \u0107e govoriti: dr. sc. Zdenko Radeli\u0107 doc. dr. sc. Ivica Mi\u0161kulin Predstavljanje \u0107e se odr\u017eati u \u010detvrtak 19. prosinca 2013. u 19:00 sati u \u201eZlatnoj dvorani\u201c Hrvatskog instituta za povijest, [&hellip;]<\/p>\n","protected":false},"author":5,"featured_media":0,"comment_status":"closed","ping_status":"closed","sticky":false,"template":"","format":"standard","meta":{"iawp_total_views":0,"footnotes":""},"categories":[25],"tags":[],"class_list":["post-2433","post","type-post","status-publish","format-standard","hentry","category-najave-i-dogadanja"],"_links":{"self":[{"href":"https:\/\/www.hipzg.hr\/en\/wp-json\/wp\/v2\/posts\/2433","targetHints":{"allow":["GET"]}}],"collection":[{"href":"https:\/\/www.hipzg.hr\/en\/wp-json\/wp\/v2\/posts"}],"about":[{"href":"https:\/\/www.hipzg.hr\/en\/wp-json\/wp\/v2\/types\/post"}],"author":[{"embeddable":true,"href":"https:\/\/www.hipzg.hr\/en\/wp-json\/wp\/v2\/users\/5"}],"replies":[{"embeddable":true,"href":"https:\/\/www.hipzg.hr\/en\/wp-json\/wp\/v2\/comments?post=2433"}],"version-history":[{"count":0,"href":"https:\/\/www.hipzg.hr\/en\/wp-json\/wp\/v2\/posts\/2433\/revisions"}],"wp:attachment":[{"href":"https:\/\/www.hipzg.hr\/en\/wp-json\/wp\/v2\/media?parent=2433"}],"wp:term":[{"taxonomy":"category","embeddable":true,"href":"https:\/\/www.hipzg.hr\/en\/wp-json\/wp\/v2\/categories?post=2433"},{"taxonomy":"post_tag","embeddable":true,"href":"https:\/\/www.hipzg.hr\/en\/wp-json\/wp\/v2\/tags?post=2433"}],"curies":[{"name":"wp","href":"https:\/\/api.w.org\/{rel}","templated":true}]}}