{"id":2422,"date":"2013-12-11T12:13:17","date_gmt":"2013-12-11T11:13:17","guid":{"rendered":"http:\/\/isphr.local\/?p=2422"},"modified":"2013-12-11T12:13:17","modified_gmt":"2013-12-11T11:13:17","slug":"dan-otvorenih-vrata-hrvatskog-instituta-za-povijest-2","status":"publish","type":"post","link":"https:\/\/www.hipzg.hr\/en\/dan-otvorenih-vrata-hrvatskog-instituta-za-povijest-2\/","title":{"rendered":"Dan otvorenih vrata Hrvatskog instituta za povijest"},"content":{"rendered":"<p><!--:hr--><\/p>\n<p style=\"text-align: center;\" align=\"center\"><img fetchpriority=\"high\" decoding=\"async\" class=\" wp-image-2423 aligncenter\" alt=\"otvorena vrata2\" src=\"https:\/\/www.hipzg.hr\/wp-content\/uploads\/otvorena-vrata2.jpg\" width=\"496\" height=\"236\" \/><\/p>\n<p align=\"center\"><b>Dan otvorenih vrata Hrvatskog instituta za povijest<\/b><\/p>\n<p align=\"right\">\u010cetvrtak, 19. prosinca 2013<\/p>\n<p><b><span style=\"text-decoration: underline;\">\u00a0<\/span><\/b><\/p>\n<p><b><span style=\"text-decoration: underline;\">Program doga\u0111anja<\/span><\/b><\/p>\n<p>10:00 &#8211; 11:00 \u0161etnja u\u010denika i posjetitelja muzejskim prostorom (Zlatna, Pompejanska i Hegedu\u0161i\u0107eva dvorana) uz stru\u010dno vodstvo<br \/>\n12:00 \u2013 13:00 predstavljanje zbornika radova \u201ePoeta nascitur, historicusfit. Ad honoremZef Mirdita\u201cur. Albert Ramaj<\/p>\n<p>14:00 \u201315:00 \u0161etnja u\u010denika i posjetitelja muzejskim prostorom (Zlatna, Pompejanska i Hegedu\u0161i\u0107eva dvorana) uz stru\u010dno vodstvo<\/p>\n<p>17:00 \u2013 18:00 predstavljanje zbornika radova \u201ePrava\u0161tvo u hrvatskome politi\u010dkom i kulturnom \u017eivotu u su\u010delju dvaju stolje\u0107a\u201c ur. dr. sc. Zdravka Jelaska Marijan i dr. sc. Zlatko Matijevi\u0107<\/p>\n<p>19:00 \u2013 20:00 predstavljanje monografije \u201eObrana i pad Vukovara\u201c\u00a0autora dr. sc. Davora Marijana<\/p>\n<p>&nbsp;<\/p>\n<p align=\"center\">Sva predstavljanja mogu\u0107e je i pratiti putem live-streama na <a href=\"https:\/\/www.hipzg.hr\/javna-predavanja\">www.isp.hr\/javna-predavanja<\/a><\/p>\n<p style=\"text-align: center;\">Tijekom cijelog dana na porti Instituta bit \u0107e mogu\u0107a kupovina svih na\u0161ih izdanja po promotivnim cijenama.<\/p>\n<p><!--:--><\/p>\n","protected":false},"excerpt":{"rendered":"<p>Dan otvorenih vrata Hrvatskog instituta za povijest \u010cetvrtak, 19. prosinca 2013 \u00a0 Program doga\u0111anja 10:00 &#8211; 11:00 \u0161etnja u\u010denika i posjetitelja muzejskim prostorom (Zlatna, Pompejanska i Hegedu\u0161i\u0107eva dvorana) uz stru\u010dno vodstvo 12:00 \u2013 13:00 predstavljanje zbornika radova \u201ePoeta nascitur, historicusfit. Ad honoremZef Mirdita\u201cur. Albert Ramaj 14:00 \u201315:00 \u0161etnja u\u010denika i posjetitelja muzejskim prostorom (Zlatna, Pompejanska [&hellip;]<\/p>\n","protected":false},"author":5,"featured_media":0,"comment_status":"closed","ping_status":"closed","sticky":false,"template":"","format":"standard","meta":{"iawp_total_views":0,"footnotes":""},"categories":[25],"tags":[],"class_list":["post-2422","post","type-post","status-publish","format-standard","hentry","category-najave-i-dogadanja"],"_links":{"self":[{"href":"https:\/\/www.hipzg.hr\/en\/wp-json\/wp\/v2\/posts\/2422","targetHints":{"allow":["GET"]}}],"collection":[{"href":"https:\/\/www.hipzg.hr\/en\/wp-json\/wp\/v2\/posts"}],"about":[{"href":"https:\/\/www.hipzg.hr\/en\/wp-json\/wp\/v2\/types\/post"}],"author":[{"embeddable":true,"href":"https:\/\/www.hipzg.hr\/en\/wp-json\/wp\/v2\/users\/5"}],"replies":[{"embeddable":true,"href":"https:\/\/www.hipzg.hr\/en\/wp-json\/wp\/v2\/comments?post=2422"}],"version-history":[{"count":0,"href":"https:\/\/www.hipzg.hr\/en\/wp-json\/wp\/v2\/posts\/2422\/revisions"}],"wp:attachment":[{"href":"https:\/\/www.hipzg.hr\/en\/wp-json\/wp\/v2\/media?parent=2422"}],"wp:term":[{"taxonomy":"category","embeddable":true,"href":"https:\/\/www.hipzg.hr\/en\/wp-json\/wp\/v2\/categories?post=2422"},{"taxonomy":"post_tag","embeddable":true,"href":"https:\/\/www.hipzg.hr\/en\/wp-json\/wp\/v2\/tags?post=2422"}],"curies":[{"name":"wp","href":"https:\/\/api.w.org\/{rel}","templated":true}]}}