{"id":2407,"date":"2013-12-03T15:13:46","date_gmt":"2013-12-03T14:13:46","guid":{"rendered":"http:\/\/isphr.local\/?p=2407"},"modified":"2013-12-03T15:13:46","modified_gmt":"2013-12-03T14:13:46","slug":"poziv-za-prijavu-na-medunarodni-znanstveni-skup","status":"publish","type":"post","link":"https:\/\/www.hipzg.hr\/en\/poziv-za-prijavu-na-medunarodni-znanstveni-skup\/","title":{"rendered":"Poziv za prijavu na me\u0111unarodni znanstveni skup"},"content":{"rendered":"<p><!--:hr--><img decoding=\"async\" class=\"alignnone  wp-image-2412\" alt=\"hip\" src=\"https:\/\/www.hipzg.hr\/wp-content\/uploads\/hip.jpg\" width=\"104\" height=\"118\" \/>\u00a0 \u00a0 \u00a0 \u00a0 \u00a0 \u00a0 \u00a0 \u00a0 \u00a0 \u00a0 \u00a0 \u00a0 \u00a0 \u00a0 \u00a0 \u00a0 \u00a0 \u00a0 \u00a0 \u00a0 \u00a0 \u00a0 \u00a0 \u00a0 \u00a0 \u00a0 \u00a0 \u00a0 \u00a0 \u00a0 \u00a0 \u00a0 \u00a0 \u00a0 \u00a0 \u00a0 \u00a0 \u00a0 \u00a0 \u00a0 \u00a0 \u00a0<img decoding=\"async\" class=\"alignnone  wp-image-2413\" alt=\"mh\" src=\"https:\/\/www.hipzg.hr\/wp-content\/uploads\/mh.jpg\" width=\"187\" height=\"91\" \/><\/p>\n<p>Hrvatski institut za povijest\u00a0\u00a0\u00a0\u00a0\u00a0\u00a0\u00a0\u00a0\u00a0\u00a0\u00a0\u00a0\u00a0\u00a0\u00a0\u00a0\u00a0\u00a0\u00a0\u00a0\u00a0\u00a0\u00a0\u00a0\u00a0\u00a0\u00a0\u00a0\u00a0\u00a0\u00a0\u00a0\u00a0\u00a0\u00a0\u00a0\u00a0\u00a0\u00a0\u00a0\u00a0\u00a0\u00a0\u00a0\u00a0\u00a0\u00a0\u00a0\u00a0\u00a0\u00a0\u00a0\u00a0\u00a0\u00a0\u00a0\u00a0\u00a0\u00a0\u00a0\u00a0\u00a0\u00a0\u00a0\u00a0\u00a0\u00a0 \u00a0\u00a0\u00a0\u00a0\u00a0\u00a0\u00a0\u00a0\u00a0\u00a0\u00a0\u00a0 Matica hrvatska<\/p>\n<p>Opati\u010dka 10, Zagreb\u00a0\u00a0\u00a0\u00a0\u00a0\u00a0\u00a0\u00a0\u00a0\u00a0\u00a0\u00a0\u00a0\u00a0\u00a0\u00a0\u00a0\u00a0\u00a0\u00a0\u00a0\u00a0\u00a0\u00a0\u00a0\u00a0\u00a0\u00a0\u00a0\u00a0\u00a0\u00a0\u00a0\u00a0\u00a0\u00a0\u00a0\u00a0\u00a0\u00a0\u00a0\u00a0\u00a0\u00a0\u00a0\u00a0\u00a0\u00a0\u00a0\u00a0\u00a0\u00a0\u00a0\u00a0\u00a0\u00a0\u00a0\u00a0\u00a0\u00a0\u00a0\u00a0\u00a0 \u00a0\u00a0\u00a0\u00a0\u00a0 Strossmayerov trg 4, Zagreb<\/p>\n<p>&nbsp;<\/p>\n<p>Me\u0111unarodni znanstveni skup <b>\u201e1914. \u2013 prva godina rata u Trojednoj Kraljevini i Austro-Ugarskoj Monarhiji\u201c<\/b>, prvi pozivza odr\u017eati izlaganje<\/p>\n<p>&nbsp;<\/p>\n<p>Idu\u0107e godine navr\u0161ava se stotinu godina od po\u010detka Prvoga svjetskog rata, globalnoga sukoba do tada neslu\u0107enih razmjera koji je nepovratno izmijenio povijest \u010dovje\u010danstva. Izravne posljedice tog sukoba bile su izrazito vidljive jo\u0161 desetlje\u0107ima nakon uspostave mira, a u samim odredbama mirovnih sporazuma nastala je klica novoga sukoba, Drugoga svjetskog rata, prema kojemu je onaj prvi i dobio ime.<\/p>\n<p>Suvremenici su ga zvali \u201eVeliki rat\u201cjer su i sami bili svjesni da sudjeluju u ne\u010demu nesvakida\u0161njem. Premda ta op\u0107a konstatacija vrijedi za sve sudionike rata obiju zara\u0107enih strana, do danas nije posve jasno u kojem obimu vrijedi zaHrvatskujer bi u njenom slu\u010daju taj sukob bilo primjerenije nazvati \u201eZaboravljeni rat\u201c.Taj naziv posve odgovara stupnju istra\u017eenosti toga razdoblja u svim granama dru\u0161tveno-humanisti\u010dkih znanosti u Hrvatskoj, a posebice u historiografiji, iz \u010dega nu\u017eno proizlazi nedostatak svijesti o va\u017enosti i utjecaju toga povijesnog doga\u0111ajana dana\u0161nja zbivanja u Hrvatskoj, ali i u susjednim zemljama.<\/p>\n<p>Stoga su Hrvatski institut za povijest i Matica hrvatska odlu\u010dili organizirati ovaj me\u0111unarodni znanstveni skup<b>\u201e1914. \u2013 prva godina rata u Trojednoj Kraljevini i Austro-Ugarskoj Monarhiji\u201c<\/b> koji \u0107e se odr\u017eati <b>od 15. do 17. listopada 2014. <\/b>u \u201eZlatnoj dvorani\u201c Hrvatskog instituta za povijest, Opati\u010dka 10, Zagreb.Namjera nam je okupiti \u0161to kompetentnije izlaga\u010de kako bi se \u0161to bolje obradili razli\u010diti aspekti polo\u017eaja Trojedne Kraljevine u sklopu Austro-Ugarske Monarhije neposredno uo\u010di Prvoga svjetskog ratai prve ratne godine. Smatramo potrebnim istra\u017eiti kako je izbijanje rata utjecalo na prilike u jednoj tako slo\u017eenoj multinacionalnoj dr\u017eavi op\u0107enito i jednoj od njenih sastavnica posebice, pogotovo obzirom na narodnosni sastav pokrajina u sklopu Trojedne Kraljevine te neposrednu blizinu Srbijanskoga rati\u0161ta. Naglasak je <b>isklju\u010divo na 1914. <\/b>kao <b>prvoj ratnoj godini<\/b>, jer smatramo da se bez poznavanja uspostave ratnoga stanja ne mo\u017ee razumjeti tijek rata, njegov utjecaj na stanovni\u0161tvo i privredu Hrvatske u kasnijim godinama niti za\u0161to je Prvi svjetski rat zavr\u0161io raspadom jedne vi\u0161estoljetne dr\u017eavne zajednice.Pri tome su posebno po\u017eeljne komparativne studije dru\u0161tvene, vojne, politi\u010dke, gospodarske i\/ili socijalne povijesti Trojedne Kraljevine i Monarhije sa naglaskom na razlike u funkcioniranju dr\u017eave, dru\u0161tva ipojedinca izazvane ratnim stanjem i op\u0107om mobilizacijom stanovni\u0161tva. Usporedbe s ostalim ratnim godinama moraju biti usko vezane uz glavnu temu, a nikako da te\u017ei\u0161te bude na njima. Ovom prilikom \u010dast nam je izvjestiti Vas da se u sklopu obilje\u017eavanja stogodi\u0161njice Prvoga svjetskoga rata u Hrvatskoj planira odr\u017eati niz okruglih stolova posve\u0107enih doga\u0111ajima koji su obilje\u017eili svaku pojedinu ratnu godinu, ali i nekoliko velikih znanstvenih skupova od kojih je jedan posve\u0107en zavr\u0161etku ratai onome \u0161to je potom uslijedilo.<\/p>\n<p>Smatraju\u0107i Vas osobno zainteresiranim za navedenu tematiku, pozivamo Vas ovim putem na suradnju i nadamo se Va\u0161em odazivu. Ukoliko ste voljni sudjelovati ljubazno Vas molimo da <b>najkasnije do 15. velja\u010de 2014. <\/b>po\u0161aljete sa\u017eetak izlaganja (ne vi\u0161e od 500 rije\u010di) i kratki CV (od 100 rije\u010di)na gore navedenu adresu Hrvatskog instituta za povijest na ruke dr. sc. Vijolete Herman Kauri\u0107 (ili na e-mail: vherman@isp.hr).<\/p>\n<p>Znanstveni skup je otvoren svim zainteresiranim stru\u010dnjacima, prije svega onima koji se ve\u0107 neko vrijeme profesionalno bave Prvim svjetskim ratom i koji bi mogli ponuditi nove istra\u017eiva\u010dke rezultate ili inovativne spoznajne doprinose.\u00a0Sve pristigle prijave razmotrit \u0107e Organizacijski odbor koji\u0107e odabratinajbolje predlo\u017eene teme i o svojoj odluciizvijestiti sve prijavljene sudionike. Radovi izra\u0111eni na podlozi priop\u0107enja podnesenih na znanstvenom skupu bit \u0107e naknadno objavljeni u posebnom zborniku.<\/p>\n<p>&nbsp;<!--:--><\/p>\n","protected":false},"excerpt":{"rendered":"<p>\u00a0 \u00a0 \u00a0 \u00a0 \u00a0 \u00a0 \u00a0 \u00a0 \u00a0 \u00a0 \u00a0 \u00a0 \u00a0 \u00a0 \u00a0 \u00a0 \u00a0 \u00a0 \u00a0 \u00a0 \u00a0 \u00a0 \u00a0 \u00a0 \u00a0 \u00a0 \u00a0 \u00a0 \u00a0 \u00a0 \u00a0 \u00a0 \u00a0 \u00a0 \u00a0 \u00a0 \u00a0 \u00a0 \u00a0 \u00a0 \u00a0 \u00a0 Hrvatski institut za povijest\u00a0\u00a0\u00a0\u00a0\u00a0\u00a0\u00a0\u00a0\u00a0\u00a0\u00a0\u00a0\u00a0\u00a0\u00a0\u00a0\u00a0\u00a0\u00a0\u00a0\u00a0\u00a0\u00a0\u00a0\u00a0\u00a0\u00a0\u00a0\u00a0\u00a0\u00a0\u00a0\u00a0\u00a0\u00a0\u00a0\u00a0\u00a0\u00a0\u00a0\u00a0\u00a0\u00a0\u00a0\u00a0\u00a0\u00a0\u00a0\u00a0\u00a0\u00a0\u00a0\u00a0\u00a0\u00a0\u00a0\u00a0\u00a0\u00a0\u00a0\u00a0\u00a0\u00a0\u00a0\u00a0\u00a0\u00a0 \u00a0\u00a0\u00a0\u00a0\u00a0\u00a0\u00a0\u00a0\u00a0\u00a0\u00a0\u00a0 Matica hrvatska Opati\u010dka 10, Zagreb\u00a0\u00a0\u00a0\u00a0\u00a0\u00a0\u00a0\u00a0\u00a0\u00a0\u00a0\u00a0\u00a0\u00a0\u00a0\u00a0\u00a0\u00a0\u00a0\u00a0\u00a0\u00a0\u00a0\u00a0\u00a0\u00a0\u00a0\u00a0\u00a0\u00a0\u00a0\u00a0\u00a0\u00a0\u00a0\u00a0\u00a0\u00a0\u00a0\u00a0\u00a0\u00a0\u00a0\u00a0\u00a0\u00a0\u00a0\u00a0\u00a0\u00a0\u00a0\u00a0\u00a0\u00a0\u00a0\u00a0\u00a0\u00a0\u00a0\u00a0\u00a0\u00a0\u00a0 \u00a0\u00a0\u00a0\u00a0\u00a0 Strossmayerov trg [&hellip;]<\/p>\n","protected":false},"author":5,"featured_media":0,"comment_status":"closed","ping_status":"closed","sticky":false,"template":"","format":"standard","meta":{"iawp_total_views":0,"footnotes":""},"categories":[25],"tags":[],"class_list":["post-2407","post","type-post","status-publish","format-standard","hentry","category-najave-i-dogadanja"],"_links":{"self":[{"href":"https:\/\/www.hipzg.hr\/en\/wp-json\/wp\/v2\/posts\/2407","targetHints":{"allow":["GET"]}}],"collection":[{"href":"https:\/\/www.hipzg.hr\/en\/wp-json\/wp\/v2\/posts"}],"about":[{"href":"https:\/\/www.hipzg.hr\/en\/wp-json\/wp\/v2\/types\/post"}],"author":[{"embeddable":true,"href":"https:\/\/www.hipzg.hr\/en\/wp-json\/wp\/v2\/users\/5"}],"replies":[{"embeddable":true,"href":"https:\/\/www.hipzg.hr\/en\/wp-json\/wp\/v2\/comments?post=2407"}],"version-history":[{"count":0,"href":"https:\/\/www.hipzg.hr\/en\/wp-json\/wp\/v2\/posts\/2407\/revisions"}],"wp:attachment":[{"href":"https:\/\/www.hipzg.hr\/en\/wp-json\/wp\/v2\/media?parent=2407"}],"wp:term":[{"taxonomy":"category","embeddable":true,"href":"https:\/\/www.hipzg.hr\/en\/wp-json\/wp\/v2\/categories?post=2407"},{"taxonomy":"post_tag","embeddable":true,"href":"https:\/\/www.hipzg.hr\/en\/wp-json\/wp\/v2\/tags?post=2407"}],"curies":[{"name":"wp","href":"https:\/\/api.w.org\/{rel}","templated":true}]}}