{"id":2235,"date":"2013-09-06T11:49:15","date_gmt":"2013-09-06T10:49:15","guid":{"rendered":"http:\/\/isphr.local\/?p=2235"},"modified":"2013-09-06T11:49:15","modified_gmt":"2013-09-06T10:49:15","slug":"najava-znanstvenog-skupa-2","status":"publish","type":"post","link":"https:\/\/www.hipzg.hr\/en\/najava-znanstvenog-skupa-2\/","title":{"rendered":"Najava znanstvenog skupa"},"content":{"rendered":"<p><!--:hr-->Najavljujemo skori znanstveni skup<\/p>\n<p style=\"text-align: center;\"><a href=\"https:\/\/www.hipzg.hr\/wp-content\/uploads\/Plakat_Sarajevo.jpg\"><img fetchpriority=\"high\" decoding=\"async\" class=\" wp-image-2239 aligncenter\" alt=\"Plakat_Sarajevo\" src=\"https:\/\/www.hipzg.hr\/wp-content\/uploads\/Plakat_Sarajevo.jpg\" width=\"595\" height=\"850\" \/><\/a><\/p>\n<p>Organizatori:<\/p>\n<p>Zentrum zur Erforschung deutscher Geschichte und Kultur\u00a0in S\u00fcdosteuropa an der Universit\u00e4t T\u00fcbingen<br \/>\nHrvatski institut za povijest, Zagreb<br \/>\nFilozofski fakultet u Sarajevu,\u00a0Odsjek za historiju<\/p>\n<h2 style=\"text-align: center;\">Wissenschaftliche Tagung<\/h2>\n<h2 style=\"text-align: center;\">Znanstveni \/ Nau\u010dni skup<\/h2>\n<h1 style=\"text-align: center;\">Die Deutschen in Kroatien und Bosnien und Herzegowina<\/h1>\n<h1 style=\"text-align: center;\">Nijemci u Hrvatskoj i Bosni i Hercegovini<\/h1>\n<h2 style=\"text-align: center;\">Neue Forschungen und Perspektiven<\/h2>\n<h2 style=\"text-align: center;\">Nova istra\u017eivanja i perspektive<\/h2>\n<h2 style=\"text-align: center;\"><\/h2>\n<h3 style=\"text-align: center;\">Filozofski fakultet, Sarajevo<br \/>\nFreitag-Samstag \/ Petak-Subota 4.-5. X 2013.<\/h3>\n<p><iframe src=\"\/\/e.issuu.com\/embed.html#2700990\/4738099\" height=\"750\" width=\"525\" allowfullscreen=\"\" frameborder=\"0\"><\/iframe><!--:--><!--:en-->Organizers:<\/p>\n<p>Zentrum zur Erforschung deutscher Geschichte und Kultur\u00a0in S\u00fcdosteuropa an der Universit\u00e4t T\u00fcbingen<br \/>\nHrvatski institut za povijest, Zagreb<br \/>\nFilozofski fakultet u Sarajevu,\u00a0Odsjek za historiju<\/p>\n<h2>Wissenschaftliche Tagung<\/h2>\n<h2>Znanstveni \/ Nau\u010dni skup<\/h2>\n<p>\u00a0<\/p>\n<h1>Die Deutschen in Kroatien und Bosnien und Herzegowina<\/h1>\n<h1>Nijemci u Hrvatskoj i Bosni i Hercegovini<\/h1>\n<h2>Neue Forschungen und Perspektiven<\/h2>\n<h2>Nova istra\u017eivanja i perspektive<\/h2>\n<h2><\/h2>\n<h3>Filozofski fakultet, Sarajevo<br \/>\nFreitag-Samstag \/ Petak-Subota 4.-5. X 2013.<\/h3>\n<p>\u00a0<!--:--><\/p>\n","protected":false},"excerpt":{"rendered":"<p>Najavljujemo skori znanstveni skup Organizatori: Zentrum zur Erforschung deutscher Geschichte und Kultur\u00a0in S\u00fcdosteuropa an der Universit\u00e4t T\u00fcbingen Hrvatski institut za povijest, Zagreb Filozofski fakultet u Sarajevu,\u00a0Odsjek za historiju Wissenschaftliche Tagung Znanstveni \/ Nau\u010dni skup Die Deutschen in Kroatien und Bosnien und Herzegowina Nijemci u Hrvatskoj i Bosni i Hercegovini Neue Forschungen und Perspektiven Nova istra\u017eivanja [&hellip;]<\/p>\n","protected":false},"author":5,"featured_media":0,"comment_status":"closed","ping_status":"open","sticky":false,"template":"","format":"standard","meta":{"iawp_total_views":0,"footnotes":""},"categories":[25],"tags":[],"class_list":["post-2235","post","type-post","status-publish","format-standard","hentry","category-najave-i-dogadanja"],"_links":{"self":[{"href":"https:\/\/www.hipzg.hr\/en\/wp-json\/wp\/v2\/posts\/2235","targetHints":{"allow":["GET"]}}],"collection":[{"href":"https:\/\/www.hipzg.hr\/en\/wp-json\/wp\/v2\/posts"}],"about":[{"href":"https:\/\/www.hipzg.hr\/en\/wp-json\/wp\/v2\/types\/post"}],"author":[{"embeddable":true,"href":"https:\/\/www.hipzg.hr\/en\/wp-json\/wp\/v2\/users\/5"}],"replies":[{"embeddable":true,"href":"https:\/\/www.hipzg.hr\/en\/wp-json\/wp\/v2\/comments?post=2235"}],"version-history":[{"count":0,"href":"https:\/\/www.hipzg.hr\/en\/wp-json\/wp\/v2\/posts\/2235\/revisions"}],"wp:attachment":[{"href":"https:\/\/www.hipzg.hr\/en\/wp-json\/wp\/v2\/media?parent=2235"}],"wp:term":[{"taxonomy":"category","embeddable":true,"href":"https:\/\/www.hipzg.hr\/en\/wp-json\/wp\/v2\/categories?post=2235"},{"taxonomy":"post_tag","embeddable":true,"href":"https:\/\/www.hipzg.hr\/en\/wp-json\/wp\/v2\/tags?post=2235"}],"curies":[{"name":"wp","href":"https:\/\/api.w.org\/{rel}","templated":true}]}}