{"id":1348,"date":"2011-10-15T00:51:29","date_gmt":"2011-10-14T23:51:29","guid":{"rendered":"http:\/\/161.53.107.3:8013\/?p=1348"},"modified":"2011-10-15T00:51:29","modified_gmt":"2011-10-14T23:51:29","slug":"obiljezavanje-pola-stoljeca-proslosti-hrvatskog-instituta-za-povijest-1961-2011","status":"publish","type":"post","link":"https:\/\/www.hipzg.hr\/en\/obiljezavanje-pola-stoljeca-proslosti-hrvatskog-instituta-za-povijest-1961-2011\/","title":{"rendered":"Obilje\u017eavanje pola stolje\u0107a pro\u0161losti Hrvatskog instituta za povijest (1961. &#8211; 2011.)"},"content":{"rendered":"<p><strong>Ponedjeljak, 10. listopada 2011.<\/strong><\/p>\n<p style=\"text-align: justify;\">Obljetni\u010dki tjedan je zapo\u010deo predstavljanjem &#8220;Zbornika radova Dr. Franjo Tu\u0111man u okviru hrvatske historiografije&#8221;. To je zbornik istoimenog znanstvenog skupa odr\u017eanog u Hrvatskom institut za povijest 10. i 11. prosinca 2009. Skup je bio odr\u017ean povodom 10. obljetnice smrti dr. Franje Tu\u0111mana, utemeljitelja i prvog ravnatelja Instituta za historiju radni\u010dkog pokreta Hrvatske. (dana\u0161njeg naziva Hrvatski institut za povijest).<br \/>\nNakon uvodnih rije\u010di ravnateljice dr. Jasne Turkalj, o Zborniku su govorili dr. Ivica Lu\u010di\u0107 i dr. Vijoleta Herman Kauri\u0107, urednica.<br \/>\n<a href=\"\"><img fetchpriority=\"high\" decoding=\"async\" class=\"alignright size-full wp-image-1347\" title=\"\" src=\"\/wp-content\/uploads\/50g_s1.jpg\" alt=\"\" width=\"355\" height=\"266\" \/><\/a><\/p>\n<p><strong>Utorak, 11. listopada 2011.<\/strong><\/p>\n<p style=\"text-align: justify;\">Drugi dan obljetni\u010dkog tjedna zapo\u010deo je Okruglim stolom naziva &#8220;Historiografija\/povijest u suvremenom dru\u0161tvu&#8221;. Dana\u0161nji okrugli stol je podijeljen u dva diskusijska panela: 1. pod nazivom Historiografija, teorija povijesti i metodologija &#8211; izvorna gra\u0111a i interdisciplinarnost, 2. pod nazivom Historiografija i obrazovanje &#8211; povijest u nastavi i nastava povijesti. U diskusijskim panelima sudjeluju slijede\u0107i izlaga\u010di: 1. dr. Zrinka Bla\u017eevi\u0107 sa temom &#8220;Suvremena historijska znanost pred izazovom inter i transdisciplinarnosti&#8221;, 2. dr. Irena Benyovsky Latin sa temom &#8221; Interdisciplinarnost u istra\u017eivanju (srednjovjekovne) urbane povijesti\/povijesti gradova&#8221;, 3. dr. Nenad Vekari\u0107 sa temom &#8220;In u povijesnoj znanosti&#8221;, 4. dr. Nada Kisi\u0107 Kolanovi\u0107 sa temom &#8221; Koncept suo\u010davanja s povije\u0161\u0107u : II. svjetski rat&#8221;, 5. dr. Zdenka Janekovi\u0107 Romer sa temom &#8220;Problem revizije i revizionizma u povijesnoj spoznaji&#8221;. U popodnevnom, drugom diskusijskom panelu sudjelovat \u0107e: dr. Snje\u017eana Koren, Stjepan Bekavac, dr. Hrvoje Petri\u0107, Miroslav \u0160a\u0161i\u0107, prof., Dario \u0160peli\u0107, prof.<\/p>\n<p><a href=\"\"><img decoding=\"async\" class=\"alignright size-full wp-image-1346\" title=\"\" src=\"\/wp-content\/uploads\/50g_s2.jpg\" alt=\"\" width=\"355\" height=\"266\" \/><\/a><br \/>\n<strong>Okrugli stol je mogu\u0107e pratiti u\u017eivo putem <a href=\"http:\/\/sites.google.com\/site\/okruglistol\" target=\"_blank\" rel=\"noopener\">video konferencije.<\/a><\/strong><\/p>\n<p><strong>Srijeda, 12. listopada 2011.<\/strong><\/p>\n<p style=\"text-align: justify;\">Tre\u0107i dan obljetni\u010dkog tjedna nastavljen je Okruglim stolom, koji je podijeljen u dva diskusijska panela: 1. Komparativna historiografija\/povijest &#8211; hrvatska povijest u drugim historiografijama i povijest drugih naroda u hrvatskoj historiografiji. Sudjeluju slijede\u0107i izlaga\u010di: dr. Igor Graovac, dr. Damir Agi\u010di\u0107, dr. Dinko \u0160ok\u010devi\u0107, dr. Marino Manin, dr. Ivica \u0160ute, dr. Ljiljana Dobrov\u0161ak.<br \/>\nPopodnevni dio je posve\u0107en 2. diskusijskom panelu pod nazivom Hitoriografija, politika i mediji &#8211; povijesni mitovi i stereotipi. Izlaga\u010di su: dr. Mladen An\u010di\u0107, dr. Tihomir Cipek, dr. Mario Jareb, dr. Ante Nazor, Zvonimir Despot, prof., Tihomir Pono\u0161, prof.<\/p>\n<p><strong>\u010cetvrtak, 13. listopada 2011.<\/strong><\/p>\n<p>Predstavljene su knjige: <strong>Pola stolje\u0107a pro\u0161losti: Hrvatski institut za povijest (1961.-2011.) <\/strong>i<strong> Bibliografija Hrvatskog instituta za povijest (1961. &#8211; 2011.)<\/strong><\/p>\n<p>O knjigama su govorili: dr. Jasna Turkalj, dr. Zdenko Radeli\u0107, dr. Mario Jareb, dr. Zoran Grijak, dr. Tamara Tvrtkovi\u0107.<\/p>\n<p style=\"text-align: justify;\">Monografija Pola stolje\u0107a pro\u0161losti: Hrvatski institut za povijest (1961.-2011.), prate\u0107i znanstvenoistra\u017eiva\u010dki, organizacijski i kadrovski put i razvoj te rezultate rada Instituta od njegova osnivanja, nudi \u010ditateljima niz zanimljivih i manje poznatih podataka iz njegove povijesti, ali svjedo\u010di i o brojnim i razli\u010ditim izazovima vremena u kojima je Institut djelovao proteklih 50 godina.<\/p>\n<p style=\"text-align: justify;\">Bibliografijom Hrvatskog instituta za povijest (1961. &#8211; 2011.), koja donosi pregled monografskih izdanja i periodi\u010dkih publikacija \u0161to ih je\u00a0 Institut izdao samostalno ili u suizdava\u0161tvu, osim \u0161to se htjelo ukazati na bogatu izdava\u010dku djelatnost i ulogu Instituta u razvoju hrvatske historiografije, htjelo se povjesni\u010darima, kao i \u0161iroj javnosti zainteresiranoj za pra\u0107enje hrvatske historiografije, pru\u017eiti korisno pomagalo.<\/p>\n<p><strong>Petak, 14. listopada 2011.<\/strong><\/p>\n<p>Obljetni\u010dki tjedan zavr\u0161io je sve\u010danom Akademijom u &#8220;Zlatnoj dvorani&#8221; Hrvatskog instituta za povijest.<\/p>\n<p><a href=\"\"><img decoding=\"async\" class=\"alignleft size-full wp-image-1345\" title=\"\" src=\"\/wp-content\/uploads\/50g_s3.jpg\" alt=\"\" width=\"355\" height=\"266\" \/><\/a><br \/>\n<\/br><br \/>\n<a href=\"\"><img loading=\"lazy\" decoding=\"async\" class=\"alignright size-full wp-image-1344\" title=\"\" src=\"\/wp-content\/uploads\/50g_s4.jpg\" alt=\"\" width=\"355\" height=\"266\" \/><\/a><\/p>\n","protected":false},"excerpt":{"rendered":"<p>Ponedjeljak, 10. listopada 2011. Obljetni\u010dki tjedan je zapo\u010deo predstavljanjem &#8220;Zbornika radova Dr. Franjo Tu\u0111man u okviru hrvatske historiografije&#8221;. To je zbornik istoimenog znanstvenog skupa odr\u017eanog u Hrvatskom institut za povijest 10. i 11. prosinca 2009. Skup je bio odr\u017ean povodom 10. obljetnice smrti dr. Franje Tu\u0111mana, utemeljitelja i prvog ravnatelja Instituta za historiju radni\u010dkog pokreta [&hellip;]<\/p>\n","protected":false},"author":3,"featured_media":0,"comment_status":"closed","ping_status":"open","sticky":false,"template":"","format":"standard","meta":{"iawp_total_views":3,"footnotes":""},"categories":[25],"tags":[],"class_list":["post-1348","post","type-post","status-publish","format-standard","hentry","category-najave-i-dogadanja"],"_links":{"self":[{"href":"https:\/\/www.hipzg.hr\/en\/wp-json\/wp\/v2\/posts\/1348","targetHints":{"allow":["GET"]}}],"collection":[{"href":"https:\/\/www.hipzg.hr\/en\/wp-json\/wp\/v2\/posts"}],"about":[{"href":"https:\/\/www.hipzg.hr\/en\/wp-json\/wp\/v2\/types\/post"}],"author":[{"embeddable":true,"href":"https:\/\/www.hipzg.hr\/en\/wp-json\/wp\/v2\/users\/3"}],"replies":[{"embeddable":true,"href":"https:\/\/www.hipzg.hr\/en\/wp-json\/wp\/v2\/comments?post=1348"}],"version-history":[{"count":0,"href":"https:\/\/www.hipzg.hr\/en\/wp-json\/wp\/v2\/posts\/1348\/revisions"}],"wp:attachment":[{"href":"https:\/\/www.hipzg.hr\/en\/wp-json\/wp\/v2\/media?parent=1348"}],"wp:term":[{"taxonomy":"category","embeddable":true,"href":"https:\/\/www.hipzg.hr\/en\/wp-json\/wp\/v2\/categories?post=1348"},{"taxonomy":"post_tag","embeddable":true,"href":"https:\/\/www.hipzg.hr\/en\/wp-json\/wp\/v2\/tags?post=1348"}],"curies":[{"name":"wp","href":"https:\/\/api.w.org\/{rel}","templated":true}]}}