{"id":10169,"date":"2025-01-18T14:13:13","date_gmt":"2025-01-18T14:13:13","guid":{"rendered":"https:\/\/www.hipzg.hr\/?p=10169"},"modified":"2025-01-18T14:13:13","modified_gmt":"2025-01-18T14:13:13","slug":"preminuo-dr-sc-mirko-valentic","status":"publish","type":"post","link":"https:\/\/www.hipzg.hr\/en\/preminuo-dr-sc-mirko-valentic\/","title":{"rendered":"Preminuo dr. sc. Mirko Valenti\u0107"},"content":{"rendered":"<p>Sa \u017ealjenjem javljamo svim prijateljima Hrvatskog instituta za povijest da je 18. sije\u010dnja 2025. u 93. godini preminuo dugogodi\u0161nji djelatnik i ravnatelj Instituta prof. dr. sc. Mirko Valenti\u0107.<\/p>\n<p><img decoding=\"async\" class=\"alignleft \" src=\"https:\/\/www.isp.hr\/wp-content\/uploads\/valentic.jpg\" width=\"126\" height=\"178\" \/>Mirko Valenti\u0107 ro\u0111en je 1932. u Ivanjskoj kraj Banja Luke (Bosna i Hercegovina). U Zagrebu 1961. je diplomirao, a 1978. doktorirao povijest na Filozofskom fakultetu Sveu\u010dili\u0161ta u Zagrebu. Od 1971. do 2002. radio je u Institutu za historiju radni\u010dkog pokreta Hrvatske (od 1996. Hrvatski institut za povijest), kojega je 1991\u20132002. bio ravnatelj. Njegovim osobnim zalaganjem Hrvatski institut za povijest izrastao je u sredi\u0161nji historiografski javni institut u Republici Hrvatskoj, a Pala\u010da u Opati\u010dkoj 10 u Zagrebu obnovljena je 1999. godine. Zbog njegova znanstvenog doprinosa Znanstveno vije\u0107e Instituta, proglasilo ga je zaslu\u017enim znanstvenikom. U znanstvenom radu bavio se povije\u0161\u0107u gradi\u0161\u0107anskih Hrvata i Vojne krajine, pitanjem srpske nacionalne ideologije, migracijskim i kolonizacijskim procesima u XIV. i XVII. st., osobito vla\u0161kom kolonizacijom, te povije\u0161\u0107u prometne integracije Hrvatske. Djela: <i>Gradi\u0161\u0107anski Hrvati od XVI stolje\u0107a do danas<\/i>\u00a0(1970),\u00a0<i>Vojna krajina i pitanje njezina sjedinjenja s Hrvatskom 1849.\u20131881.<\/i>\u00a0(1981),\u00a0<i>Vojna krajina u Hrvatskoj<\/i>\u00a0(koautor, 1981),\u00a0Rat protiv Hrvatske: 1991.\u20131995.\u00a0(2010). Urednik je niza Hrvatska na tajnim zemljovidima 18. i 19.\u00a0stolje\u0107a (I\u2013X, 1999\u20132006). Posve\u0107en mu je zbornik\u00a0<i>Hereditas rerum Croaticarum ad honorem Mirko Valenti\u0107<\/i>\u00a0(2003).<\/p>\n<p>&nbsp;<\/p>\n<p>&nbsp;<\/p>\n","protected":false},"excerpt":{"rendered":"<p>Sa \u017ealjenjem javljamo svim prijateljima Hrvatskog instituta za povijest da je 18. sije\u010dnja 2025. u 93. godini preminuo dugogodi\u0161nji djelatnik i ravnatelj Instituta prof. dr. sc. Mirko Valenti\u0107. Mirko Valenti\u0107 ro\u0111en je 1932. u Ivanjskoj kraj Banja Luke (Bosna i Hercegovina). U Zagrebu 1961. je diplomirao, a 1978. doktorirao povijest na Filozofskom fakultetu Sveu\u010dili\u0161ta u [&hellip;]<\/p>\n","protected":false},"author":5,"featured_media":0,"comment_status":"open","ping_status":"open","sticky":false,"template":"","format":"standard","meta":{"iawp_total_views":4,"footnotes":""},"categories":[31],"tags":[],"class_list":["post-10169","post","type-post","status-publish","format-standard","hentry","category-aktualnosti"],"_links":{"self":[{"href":"https:\/\/www.hipzg.hr\/en\/wp-json\/wp\/v2\/posts\/10169","targetHints":{"allow":["GET"]}}],"collection":[{"href":"https:\/\/www.hipzg.hr\/en\/wp-json\/wp\/v2\/posts"}],"about":[{"href":"https:\/\/www.hipzg.hr\/en\/wp-json\/wp\/v2\/types\/post"}],"author":[{"embeddable":true,"href":"https:\/\/www.hipzg.hr\/en\/wp-json\/wp\/v2\/users\/5"}],"replies":[{"embeddable":true,"href":"https:\/\/www.hipzg.hr\/en\/wp-json\/wp\/v2\/comments?post=10169"}],"version-history":[{"count":1,"href":"https:\/\/www.hipzg.hr\/en\/wp-json\/wp\/v2\/posts\/10169\/revisions"}],"predecessor-version":[{"id":10170,"href":"https:\/\/www.hipzg.hr\/en\/wp-json\/wp\/v2\/posts\/10169\/revisions\/10170"}],"wp:attachment":[{"href":"https:\/\/www.hipzg.hr\/en\/wp-json\/wp\/v2\/media?parent=10169"}],"wp:term":[{"taxonomy":"category","embeddable":true,"href":"https:\/\/www.hipzg.hr\/en\/wp-json\/wp\/v2\/categories?post=10169"},{"taxonomy":"post_tag","embeddable":true,"href":"https:\/\/www.hipzg.hr\/en\/wp-json\/wp\/v2\/tags?post=10169"}],"curies":[{"name":"wp","href":"https:\/\/api.w.org\/{rel}","templated":true}]}}